{"id":347,"date":"2016-12-22T13:36:30","date_gmt":"2016-12-22T12:36:30","guid":{"rendered":"http:\/\/dev.yoho.pl\/beethoven\/impresariat\/?p=347"},"modified":"2016-12-22T13:38:46","modified_gmt":"2016-12-22T12:38:46","slug":"premiera-debiutanckiej-plyty-lukasza-krupinskiego-espressione","status":"publish","type":"post","link":"https:\/\/beethoven.org.pl\/impresariat\/2016\/12\/22\/premiera-debiutanckiej-plyty-lukasza-krupinskiego-espressione\/","title":{"rendered":"Premiera debiutanckiej p\u0142yty \u0141ukasza Krupi\u0144skiego &#8222;ESPRESSIONE\u2026&#8221;"},"content":{"rendered":"<p><img loading=\"lazy\" decoding=\"async\" class=\"size-medium wp-image-330 alignleft\" src=\"http:\/\/beethoven.org.pl\/impresariat\/wp-content\/uploads\/sites\/6\/2016\/12\/15541688_10157772951555411_5508772005977529403_n-300x285.jpg\" alt=\"15541688_10157772951555411_5508772005977529403_n\" width=\"300\" height=\"285\" srcset=\"https:\/\/beethoven.org.pl\/impresariat\/wp-content\/uploads\/sites\/6\/2016\/12\/15541688_10157772951555411_5508772005977529403_n-300x285.jpg 300w, https:\/\/beethoven.org.pl\/impresariat\/wp-content\/uploads\/sites\/6\/2016\/12\/15541688_10157772951555411_5508772005977529403_n.jpg 602w\" sizes=\"auto, (max-width: 300px) 100vw, 300px\" \/>Ju\u017c dzi\u015b wieczorem, 20 grudnia o godz. 20.00 w Multikinie w Z\u0142otych Tarasach, odb\u0119dzie si\u0119 uroczysta premiera filmu ,,Po prostu przyja\u017a\u0144&#8221; w re\u017cyserii Filipa Zylbera, w kt\u00f3rym epizod muzyczny zagra\u0142 pianista \u0141ukasz Krupi\u0144ski. Premiera filmu zbiega si\u0119 z premier\u0105 p\u0142yty \u0141ukasza Krupi\u0144skiego ,,ESPRESSIONE\u2026 z Bolzano do San Marino&#8221; inspirowanej jego muzycznymi podr\u00f3\u017cami do W\u0142och, z utworami Haydna, Chopina i Scriabin<span class=\"text_exposed_show\">a. P\u0142yta pojawi si\u0119 w sprzeda\u017cy 9 stycznia 2017 w salonach muzycznych w ca\u0142ej Polsce:<br \/>\n,,Kiedy w sierpniu tego roku rozpocz\u0105\u0142em moj\u0105 muzyczn\u0105 podr\u00f3\u017c do W\u0142och, nie spodziewa\u0142em si\u0119, \u017ce zako\u0144czy si\u0119 ona moim pianistycznym zwyci\u0119stwem w San Marino. Jak cz\u0119sto podkre\u015blaj\u0105 muzycy ,,you live for the moment\u201d \u2013 fina\u0142owy koncert Konkursu &#8211; to by\u0142 w\u0142a\u015bnie ten moment, ta chwila, kt\u00f3r\u0105 zapami\u0119tam do ko\u0144ca \u017cycia. Espressione \u2013 wyrazi\u0107 co\u015b, esprimersi \u2013 wyrazi\u0107 siebie, to s\u0142owa, kt\u00f3re najbardziej zapami\u0119tam z mojej muzycznej podr\u00f3\u017cy do W\u0142och&#8221;. \u0141ukasz Krupi\u0144ski.<\/span><\/p>","protected":false},"excerpt":{"rendered":"<p>Ju\u017c dzi\u015b wieczorem, 20 grudnia o godz. 20.00 w Multikinie w Z\u0142otych Tarasach, odb\u0119dzie si\u0119 uroczysta premiera filmu ,,Po prostu przyja\u017a\u0144&#8221; w re\u017cyserii Filipa Zylbera, w kt\u00f3rym epizod muzyczny zagra\u0142 pianista \u0141ukasz Krupi\u0144ski. Premiera filmu zbiega si\u0119 z premier\u0105 p\u0142yty \u0141ukasza Krupi\u0144skiego ,,ESPRESSIONE\u2026 z Bolzano do San Marino&#8221; inspirowanej jego muzycznymi podr\u00f3\u017cami do W\u0142och, z [&hellip;]<\/p>\n","protected":false},"author":2,"featured_media":0,"comment_status":"open","ping_status":"open","sticky":false,"template":"","format":"standard","meta":{"footnotes":""},"categories":[1],"tags":[],"class_list":["post-347","post","type-post","status-publish","format-standard","hentry","category-bez-kategorii"],"_links":{"self":[{"href":"https:\/\/beethoven.org.pl\/impresariat\/wp-json\/wp\/v2\/posts\/347","targetHints":{"allow":["GET"]}}],"collection":[{"href":"https:\/\/beethoven.org.pl\/impresariat\/wp-json\/wp\/v2\/posts"}],"about":[{"href":"https:\/\/beethoven.org.pl\/impresariat\/wp-json\/wp\/v2\/types\/post"}],"author":[{"embeddable":true,"href":"https:\/\/beethoven.org.pl\/impresariat\/wp-json\/wp\/v2\/users\/2"}],"replies":[{"embeddable":true,"href":"https:\/\/beethoven.org.pl\/impresariat\/wp-json\/wp\/v2\/comments?post=347"}],"version-history":[{"count":1,"href":"https:\/\/beethoven.org.pl\/impresariat\/wp-json\/wp\/v2\/posts\/347\/revisions"}],"predecessor-version":[{"id":348,"href":"https:\/\/beethoven.org.pl\/impresariat\/wp-json\/wp\/v2\/posts\/347\/revisions\/348"}],"wp:attachment":[{"href":"https:\/\/beethoven.org.pl\/impresariat\/wp-json\/wp\/v2\/media?parent=347"}],"wp:term":[{"taxonomy":"category","embeddable":true,"href":"https:\/\/beethoven.org.pl\/impresariat\/wp-json\/wp\/v2\/categories?post=347"},{"taxonomy":"post_tag","embeddable":true,"href":"https:\/\/beethoven.org.pl\/impresariat\/wp-json\/wp\/v2\/tags?post=347"}],"curies":[{"name":"wp","href":"https:\/\/api.w.org\/{rel}","templated":true}]}}