{"id":343,"date":"2016-12-22T13:33:04","date_gmt":"2016-12-22T12:33:04","guid":{"rendered":"http:\/\/dev.yoho.pl\/beethoven\/impresariat\/?p=343"},"modified":"2016-12-22T13:37:41","modified_gmt":"2016-12-22T12:37:41","slug":"danjulo-ishizaka-w-krakowie","status":"publish","type":"post","link":"https:\/\/beethoven.org.pl\/impresariat\/2016\/12\/22\/danjulo-ishizaka-w-krakowie\/","title":{"rendered":"Danjulo Ishizaka w Krakowie"},"content":{"rendered":"<p><img loading=\"lazy\" decoding=\"async\" class=\"size-medium wp-image-344 alignleft\" src=\"http:\/\/beethoven.org.pl\/impresariat\/wp-content\/uploads\/sites\/6\/2016\/12\/danjulo-1024x683-300x200.jpg\" alt=\"Danjulo Ishizaka Photo: Marco Borggreve\" width=\"300\" height=\"200\" srcset=\"https:\/\/beethoven.org.pl\/impresariat\/wp-content\/uploads\/sites\/6\/2016\/12\/danjulo-1024x683-300x200.jpg 300w, https:\/\/beethoven.org.pl\/impresariat\/wp-content\/uploads\/sites\/6\/2016\/12\/danjulo-1024x683-768x512.jpg 768w, https:\/\/beethoven.org.pl\/impresariat\/wp-content\/uploads\/sites\/6\/2016\/12\/danjulo-1024x683.jpg 1024w\" sizes=\"auto, (max-width: 300px) 100vw, 300px\" \/><\/p>\n<p>Danjulo Ishizaka w najbli\u017cszy weekend (16 i 17.12) wyst\u0105pi wraz z Orkiestr\u0105 Filharmonii Krakowskiej pod batut\u0105 Rafa\u0142a Janiaka. Artysta prawykona utw\u00f3r Marcela Chy\u017cy\u0144skiego \u201eUkiyo\u00ace No. 3\u201d, kt\u00f3ry wchodzi w sk\u0142ad zaplanowanego przez kompozytora cyklu \u201eUkiyo\u00ace\u201d. W programie koncertu tak\u017ce \u201eUwertura do opery Paria\u201d S. Moniuszki, \u201eKoncert fortepianowy a-moll op. 17\u201d I. J. Paderewskiego a tak\u017ce \u201ePowracaj\u0105ce fale M. Kar\u0142owicza\u201d. Kocnert z okazji 75. rocznicy \u015bmierci Ignacego Jana Paderewskiego i 140. rocznica urodzin Mieczys\u0142awa Kar\u0142owicza odb\u0119dzie si\u0119 w Filharmonii Krakowskiej.<br \/>\nPrawykonanie Ukiyo-e No. 3, koncert na wiolonczel\u0119 dofinansowano ze \u015brodk\u00f3w Ministra Kultury i Dziedzictwa Narodowego w ramach programu \u201eKolekcje\u201d \u2013 priorytet \u201eZam\u00f3wienia kompozytorskie\u201d, realizowanego przez Instytut Muzyki i Ta\u0144ca<\/p>","protected":false},"excerpt":{"rendered":"<p>Danjulo Ishizaka w najbli\u017cszy weekend (16 i 17.12) wyst\u0105pi wraz z Orkiestr\u0105 Filharmonii Krakowskiej pod batut\u0105 Rafa\u0142a Janiaka. Artysta prawykona utw\u00f3r Marcela Chy\u017cy\u0144skiego \u201eUkiyo\u00ace No. 3\u201d, kt\u00f3ry wchodzi w sk\u0142ad zaplanowanego przez kompozytora cyklu \u201eUkiyo\u00ace\u201d. W programie koncertu tak\u017ce \u201eUwertura do opery Paria\u201d S. Moniuszki, \u201eKoncert fortepianowy a-moll op. 17\u201d I. J. Paderewskiego a tak\u017ce [&hellip;]<\/p>\n","protected":false},"author":2,"featured_media":0,"comment_status":"open","ping_status":"open","sticky":false,"template":"","format":"standard","meta":{"footnotes":""},"categories":[1],"tags":[],"class_list":["post-343","post","type-post","status-publish","format-standard","hentry","category-bez-kategorii"],"_links":{"self":[{"href":"https:\/\/beethoven.org.pl\/impresariat\/wp-json\/wp\/v2\/posts\/343","targetHints":{"allow":["GET"]}}],"collection":[{"href":"https:\/\/beethoven.org.pl\/impresariat\/wp-json\/wp\/v2\/posts"}],"about":[{"href":"https:\/\/beethoven.org.pl\/impresariat\/wp-json\/wp\/v2\/types\/post"}],"author":[{"embeddable":true,"href":"https:\/\/beethoven.org.pl\/impresariat\/wp-json\/wp\/v2\/users\/2"}],"replies":[{"embeddable":true,"href":"https:\/\/beethoven.org.pl\/impresariat\/wp-json\/wp\/v2\/comments?post=343"}],"version-history":[{"count":2,"href":"https:\/\/beethoven.org.pl\/impresariat\/wp-json\/wp\/v2\/posts\/343\/revisions"}],"predecessor-version":[{"id":346,"href":"https:\/\/beethoven.org.pl\/impresariat\/wp-json\/wp\/v2\/posts\/343\/revisions\/346"}],"wp:attachment":[{"href":"https:\/\/beethoven.org.pl\/impresariat\/wp-json\/wp\/v2\/media?parent=343"}],"wp:term":[{"taxonomy":"category","embeddable":true,"href":"https:\/\/beethoven.org.pl\/impresariat\/wp-json\/wp\/v2\/categories?post=343"},{"taxonomy":"post_tag","embeddable":true,"href":"https:\/\/beethoven.org.pl\/impresariat\/wp-json\/wp\/v2\/tags?post=343"}],"curies":[{"name":"wp","href":"https:\/\/api.w.org\/{rel}","templated":true}]}}