{"id":331,"date":"2016-12-13T13:13:57","date_gmt":"2016-12-13T12:13:57","guid":{"rendered":"http:\/\/dev.yoho.pl\/beethoven\/impresariat\/?p=331"},"modified":"2017-01-09T10:14:32","modified_gmt":"2017-01-09T09:14:32","slug":"supersonic-award-dla-plyty-z-udzialem-szymona-nehringa","status":"publish","type":"post","link":"https:\/\/beethoven.org.pl\/impresariat\/2016\/12\/13\/supersonic-award-dla-plyty-z-udzialem-szymona-nehringa\/","title":{"rendered":"\u201eSupersonic Award\u201d dla p\u0142yty z udzia\u0142em Szymona Nehringa"},"content":{"rendered":"<p><img loading=\"lazy\" decoding=\"async\" class=\"size-medium wp-image-307 alignleft\" src=\"http:\/\/beethoven.org.pl\/impresariat\/wp-content\/uploads\/sites\/6\/2016\/12\/1350_Nehring-300x270.jpg\" alt=\"1350_nehring\" width=\"300\" height=\"270\" srcset=\"https:\/\/beethoven.org.pl\/impresariat\/wp-content\/uploads\/sites\/6\/2016\/12\/1350_Nehring-300x270.jpg 300w, https:\/\/beethoven.org.pl\/impresariat\/wp-content\/uploads\/sites\/6\/2016\/12\/1350_Nehring.jpg 750w\" sizes=\"auto, (max-width: 300px) 100vw, 300px\" \/>P\u0142yta Szymona Nehringa, z udzia\u0142em Krzysztofa Pendereckiego, Jurka Dyba\u0142a i Orkiestry Kr\u00f3lewskiego Miasta Krakowa Sinfonietty Cracovii zosta\u0142a uhonorowana nagrod\u0105 &#8222;Supersonic Award\u201d Magazynu Pizzicato.<br \/>\nGratulujemy!<\/p>","protected":false},"excerpt":{"rendered":"<p>P\u0142yta Szymona Nehringa, z udzia\u0142em Krzysztofa Pendereckiego, Jurka Dyba\u0142a i Orkiestry Kr\u00f3lewskiego Miasta Krakowa Sinfonietty Cracovii zosta\u0142a uhonorowana nagrod\u0105 &#8222;Supersonic Award\u201d Magazynu Pizzicato. Gratulujemy!<\/p>\n","protected":false},"author":2,"featured_media":0,"comment_status":"open","ping_status":"open","sticky":false,"template":"","format":"standard","meta":{"footnotes":""},"categories":[1],"tags":[],"class_list":["post-331","post","type-post","status-publish","format-standard","hentry","category-bez-kategorii"],"_links":{"self":[{"href":"https:\/\/beethoven.org.pl\/impresariat\/wp-json\/wp\/v2\/posts\/331","targetHints":{"allow":["GET"]}}],"collection":[{"href":"https:\/\/beethoven.org.pl\/impresariat\/wp-json\/wp\/v2\/posts"}],"about":[{"href":"https:\/\/beethoven.org.pl\/impresariat\/wp-json\/wp\/v2\/types\/post"}],"author":[{"embeddable":true,"href":"https:\/\/beethoven.org.pl\/impresariat\/wp-json\/wp\/v2\/users\/2"}],"replies":[{"embeddable":true,"href":"https:\/\/beethoven.org.pl\/impresariat\/wp-json\/wp\/v2\/comments?post=331"}],"version-history":[{"count":3,"href":"https:\/\/beethoven.org.pl\/impresariat\/wp-json\/wp\/v2\/posts\/331\/revisions"}],"predecessor-version":[{"id":351,"href":"https:\/\/beethoven.org.pl\/impresariat\/wp-json\/wp\/v2\/posts\/331\/revisions\/351"}],"wp:attachment":[{"href":"https:\/\/beethoven.org.pl\/impresariat\/wp-json\/wp\/v2\/media?parent=331"}],"wp:term":[{"taxonomy":"category","embeddable":true,"href":"https:\/\/beethoven.org.pl\/impresariat\/wp-json\/wp\/v2\/categories?post=331"},{"taxonomy":"post_tag","embeddable":true,"href":"https:\/\/beethoven.org.pl\/impresariat\/wp-json\/wp\/v2\/tags?post=331"}],"curies":[{"name":"wp","href":"https:\/\/api.w.org\/{rel}","templated":true}]}}