{"id":304,"date":"2016-12-07T12:59:03","date_gmt":"2016-12-07T11:59:03","guid":{"rendered":"http:\/\/dev.yoho.pl\/beethoven\/impresariat\/?p=304"},"modified":"2017-01-09T11:03:02","modified_gmt":"2017-01-09T10:03:02","slug":"druga-plyta-szymona-nehringa","status":"publish","type":"post","link":"https:\/\/beethoven.org.pl\/impresariat\/2016\/12\/07\/druga-plyta-szymona-nehringa\/","title":{"rendered":"Druga p\u0142yta Szymona Nehringa"},"content":{"rendered":"<p><img loading=\"lazy\" decoding=\"async\" class=\"size-medium wp-image-307 alignleft\" src=\"http:\/\/beethoven.org.pl\/impresariat\/wp-content\/uploads\/sites\/6\/2016\/12\/1350_Nehring-300x270.jpg\" alt=\"1350_nehring\" width=\"300\" height=\"270\" srcset=\"https:\/\/beethoven.org.pl\/impresariat\/wp-content\/uploads\/sites\/6\/2016\/12\/1350_Nehring-300x270.jpg 300w, https:\/\/beethoven.org.pl\/impresariat\/wp-content\/uploads\/sites\/6\/2016\/12\/1350_Nehring.jpg 750w\" sizes=\"auto, (max-width: 300px) 100vw, 300px\" \/>Premiera drugiego albumu Szymona Nehringa z recitalem Chopinowskim ju\u017c dzi\u015b o godz. 18.00 w Nowym \u015awiecie Muzyki.(ul. Nowy \u015awiat 63). Artysta tym razem nagra\u0142 album z Sinfoniett\u0105 Cracovi\u0105. Na p\u0142ycie znalaz\u0142y si\u0119 oba koncerty fortepianowe Chopina. Koncertem fortepianowym f-moll zadyrygowa\u0142 Maestro Jurek Dyba\u0142, a Koncertem fortepianowym e-moll sam Maestro Krzysztof Penderecki . P\u0142yt\u0119 b\u0119dzie mo\u017cna naby\u0107 w trakcie wieczoru promocyjnego lub na stronie internetowej <a href=\"http:\/\/l.facebook.com\/l.php?u=http%3A%2F%2Fwww.dux.pl%2Fpage%2FNehringChopinPianoConcertos&amp;h=ATNwAoZCsPDBU1eBfgJ66KxS8zQnxvLfBmhSTGvZdf0ys1BOXOM8m5Q2LzAlz7MWX3l4zZ4mi0Dhb0qzJMamOa-n9RDReFCccRXU23UX&amp;enc=AZOyTNz8TrUzQkAPVawxRVIggFhDQSRw8uyCyyTHvbppdLkrQsHKd53sPm6zcOymIkSpYHNg3wcfmfjnvCF5BLuCNrHlD-vOHlLLUsLApqHC-oCRewd0AiA9rptAicMpVH--JZMAiIAz2LRxfCT46Puh6saJEqlnFGtRCDPwbii4CzFg8Gly_aMA3N8kC-XGBmUXLCdrEtEtHu-o6heFGFQF&amp;s=1\" target=\"_blank\" rel=\"nofollow\">http:\/\/www.dux.pl\/page\/NehringChopinPianoConcertos<\/a>.<\/p>\n<p>Zapraszamy.<\/p>","protected":false},"excerpt":{"rendered":"<p>Premiera drugiego albumu Szymona Nehringa z recitalem Chopinowskim ju\u017c dzi\u015b o godz. 18.00 w Nowym \u015awiecie Muzyki.(ul. Nowy \u015awiat 63). Artysta tym razem nagra\u0142 album z Sinfoniett\u0105 Cracovi\u0105. Na p\u0142ycie znalaz\u0142y si\u0119 oba koncerty fortepianowe Chopina. Koncertem fortepianowym f-moll zadyrygowa\u0142 Maestro Jurek Dyba\u0142, a Koncertem fortepianowym e-moll sam Maestro Krzysztof Penderecki . P\u0142yt\u0119 b\u0119dzie mo\u017cna [&hellip;]<\/p>\n","protected":false},"author":2,"featured_media":0,"comment_status":"open","ping_status":"open","sticky":false,"template":"","format":"standard","meta":{"footnotes":""},"categories":[1],"tags":[],"class_list":["post-304","post","type-post","status-publish","format-standard","hentry","category-bez-kategorii"],"_links":{"self":[{"href":"https:\/\/beethoven.org.pl\/impresariat\/wp-json\/wp\/v2\/posts\/304","targetHints":{"allow":["GET"]}}],"collection":[{"href":"https:\/\/beethoven.org.pl\/impresariat\/wp-json\/wp\/v2\/posts"}],"about":[{"href":"https:\/\/beethoven.org.pl\/impresariat\/wp-json\/wp\/v2\/types\/post"}],"author":[{"embeddable":true,"href":"https:\/\/beethoven.org.pl\/impresariat\/wp-json\/wp\/v2\/users\/2"}],"replies":[{"embeddable":true,"href":"https:\/\/beethoven.org.pl\/impresariat\/wp-json\/wp\/v2\/comments?post=304"}],"version-history":[{"count":4,"href":"https:\/\/beethoven.org.pl\/impresariat\/wp-json\/wp\/v2\/posts\/304\/revisions"}],"predecessor-version":[{"id":356,"href":"https:\/\/beethoven.org.pl\/impresariat\/wp-json\/wp\/v2\/posts\/304\/revisions\/356"}],"wp:attachment":[{"href":"https:\/\/beethoven.org.pl\/impresariat\/wp-json\/wp\/v2\/media?parent=304"}],"wp:term":[{"taxonomy":"category","embeddable":true,"href":"https:\/\/beethoven.org.pl\/impresariat\/wp-json\/wp\/v2\/categories?post=304"},{"taxonomy":"post_tag","embeddable":true,"href":"https:\/\/beethoven.org.pl\/impresariat\/wp-json\/wp\/v2\/tags?post=304"}],"curies":[{"name":"wp","href":"https:\/\/api.w.org\/{rel}","templated":true}]}}