{"id":301,"date":"2016-11-30T12:44:55","date_gmt":"2016-11-30T11:44:55","guid":{"rendered":"http:\/\/dev.yoho.pl\/beethoven\/impresariat\/?p=301"},"modified":"2017-01-09T10:16:10","modified_gmt":"2017-01-09T09:16:10","slug":"debiutancka-plyta-krzysztofa-ksiazka-juz-w-sprzedazy","status":"publish","type":"post","link":"https:\/\/beethoven.org.pl\/impresariat\/2016\/11\/30\/debiutancka-plyta-krzysztofa-ksiazka-juz-w-sprzedazy\/","title":{"rendered":"Debiutancka p\u0142yta Krzysztofa Ksi\u0105\u017cka ju\u017c w sprzeda\u017cy"},"content":{"rendered":"<p><img loading=\"lazy\" decoding=\"async\" class=\"size-medium wp-image-302 alignleft\" src=\"http:\/\/beethoven.org.pl\/impresariat\/wp-content\/uploads\/sites\/6\/2016\/12\/Ksi\u0105\u017cek-Krzysztof-Pianista-1-2podp.-200x300.jpg\" alt=\"ksiazek-krzysztof-pianista-1-2podp\" width=\"200\" height=\"300\" srcset=\"https:\/\/beethoven.org.pl\/impresariat\/wp-content\/uploads\/sites\/6\/2016\/12\/Ksi\u0105\u017cek-Krzysztof-Pianista-1-2podp.-200x300.jpg 200w, https:\/\/beethoven.org.pl\/impresariat\/wp-content\/uploads\/sites\/6\/2016\/12\/Ksi\u0105\u017cek-Krzysztof-Pianista-1-2podp..jpg 600w\" sizes=\"auto, (max-width: 200px) 100vw, 200px\" \/>30 listopada w Filharmonii Narodowej w Warszawie premier\u0119 mia\u0142a debiutancka p\u0142yta Krzysztofa Ksi\u0105\u017cka. Pianista\u00a0nagra\u0142 album wraz z Santander Orchestra. Ca\u0142o\u015bci\u0105 zadyrygowa\u0142 Jos\u00e9 Maria Flor\u00eancio. Na kr\u0105\u017cku znalaz\u0142o si\u0119 nagranie Koncertu fortepianowego e-moll op. 11 F. Chopina i VIII Symfonii G-dur op. 88 A. Dvo\u0159\u00e1ka. P\u0142yt\u0119 mo\u017cna ju\u017c zakupi\u0107 przez stron\u0119 internetow\u0105 http:\/\/www.dux.pl\/santander-orchestra-2016.html<\/p>","protected":false},"excerpt":{"rendered":"<p>30 listopada w Filharmonii Narodowej w Warszawie premier\u0119 mia\u0142a debiutancka p\u0142yta Krzysztofa Ksi\u0105\u017cka. Pianista\u00a0nagra\u0142 album wraz z Santander Orchestra. Ca\u0142o\u015bci\u0105 zadyrygowa\u0142 Jos\u00e9 Maria Flor\u00eancio. Na kr\u0105\u017cku znalaz\u0142o si\u0119 nagranie Koncertu fortepianowego e-moll op. 11 F. Chopina i VIII Symfonii G-dur op. 88 A. Dvo\u0159\u00e1ka. P\u0142yt\u0119 mo\u017cna ju\u017c zakupi\u0107 przez stron\u0119 internetow\u0105 http:\/\/www.dux.pl\/santander-orchestra-2016.html<\/p>\n","protected":false},"author":2,"featured_media":0,"comment_status":"open","ping_status":"open","sticky":false,"template":"","format":"standard","meta":{"footnotes":""},"categories":[1],"tags":[],"class_list":["post-301","post","type-post","status-publish","format-standard","hentry","category-bez-kategorii"],"_links":{"self":[{"href":"https:\/\/beethoven.org.pl\/impresariat\/wp-json\/wp\/v2\/posts\/301","targetHints":{"allow":["GET"]}}],"collection":[{"href":"https:\/\/beethoven.org.pl\/impresariat\/wp-json\/wp\/v2\/posts"}],"about":[{"href":"https:\/\/beethoven.org.pl\/impresariat\/wp-json\/wp\/v2\/types\/post"}],"author":[{"embeddable":true,"href":"https:\/\/beethoven.org.pl\/impresariat\/wp-json\/wp\/v2\/users\/2"}],"replies":[{"embeddable":true,"href":"https:\/\/beethoven.org.pl\/impresariat\/wp-json\/wp\/v2\/comments?post=301"}],"version-history":[{"count":2,"href":"https:\/\/beethoven.org.pl\/impresariat\/wp-json\/wp\/v2\/posts\/301\/revisions"}],"predecessor-version":[{"id":352,"href":"https:\/\/beethoven.org.pl\/impresariat\/wp-json\/wp\/v2\/posts\/301\/revisions\/352"}],"wp:attachment":[{"href":"https:\/\/beethoven.org.pl\/impresariat\/wp-json\/wp\/v2\/media?parent=301"}],"wp:term":[{"taxonomy":"category","embeddable":true,"href":"https:\/\/beethoven.org.pl\/impresariat\/wp-json\/wp\/v2\/categories?post=301"},{"taxonomy":"post_tag","embeddable":true,"href":"https:\/\/beethoven.org.pl\/impresariat\/wp-json\/wp\/v2\/tags?post=301"}],"curies":[{"name":"wp","href":"https:\/\/api.w.org\/{rel}","templated":true}]}}