{"id":297,"date":"2016-11-18T12:21:52","date_gmt":"2016-11-18T11:21:52","guid":{"rendered":"http:\/\/dev.yoho.pl\/beethoven\/impresariat\/?p=297"},"modified":"2017-01-09T10:17:58","modified_gmt":"2017-01-09T09:17:58","slug":"krzysztof-ksiazek-w-lodzi","status":"publish","type":"post","link":"https:\/\/beethoven.org.pl\/impresariat\/2016\/11\/18\/krzysztof-ksiazek-w-lodzi\/","title":{"rendered":"Krzysztof Ksi\u0105\u017cek w \u0141odzi"},"content":{"rendered":"<p><img loading=\"lazy\" decoding=\"async\" class=\"size-full wp-image-298 alignleft\" src=\"http:\/\/beethoven.org.pl\/impresariat\/wp-content\/uploads\/sites\/6\/2016\/12\/Krzysztof-Ksi\u0105\u017cek-150x150.jpg\" alt=\"krzysztof-ksiazek-150x150\" width=\"150\" height=\"150\" \/>W najbli\u017csz\u0105 sobot\u0119 (19 listopada) w sali koncertowej Akademii Muzycznej w \u0141odzi wyst\u0105pi Krzysztof Ksi\u0105\u017cek. Towarzyszy\u0107 mu b\u0119dzie Orkiestra \u0141\u00f3dzkiej Akademii Muzycznej, kt\u00f3r\u0105, zadyryguje Marcin Wolniewski. Koncert zainauguruje 4. A\u017b Festiwal Akademii Muzycznej w \u0141odzi. W programie Koncert fortepianowym a-moll op. 16 Edwarda Griega.<br \/>\nWi\u0119cej informacji: <a href=\"http:\/\/www.amuz.lodz.pl\/lifemotion\/pl\/inne-wydarzenia-cykliczne\/az-festiwal\/4-az-festiwal\/\" target=\"_blank\" rel=\"nofollow\">http:\/\/www.amuz.lodz.pl\/\u2026\/inne-w\u2026\/az-festiwal\/4-az-festiwal\/<\/a><\/p>\n<p>Zapraszamy!<\/p>","protected":false},"excerpt":{"rendered":"<p>W najbli\u017csz\u0105 sobot\u0119 (19 listopada) w sali koncertowej Akademii Muzycznej w \u0141odzi wyst\u0105pi Krzysztof Ksi\u0105\u017cek. Towarzyszy\u0107 mu b\u0119dzie Orkiestra \u0141\u00f3dzkiej Akademii Muzycznej, kt\u00f3r\u0105, zadyryguje Marcin Wolniewski. Koncert zainauguruje 4. A\u017b Festiwal Akademii Muzycznej w \u0141odzi. W programie Koncert fortepianowym a-moll op. 16 Edwarda Griega. Wi\u0119cej informacji: http:\/\/www.amuz.lodz.pl\/\u2026\/inne-w\u2026\/az-festiwal\/4-az-festiwal\/ Zapraszamy!<\/p>\n","protected":false},"author":2,"featured_media":0,"comment_status":"open","ping_status":"open","sticky":false,"template":"","format":"standard","meta":{"footnotes":""},"categories":[1],"tags":[],"class_list":["post-297","post","type-post","status-publish","format-standard","hentry","category-bez-kategorii"],"_links":{"self":[{"href":"https:\/\/beethoven.org.pl\/impresariat\/wp-json\/wp\/v2\/posts\/297","targetHints":{"allow":["GET"]}}],"collection":[{"href":"https:\/\/beethoven.org.pl\/impresariat\/wp-json\/wp\/v2\/posts"}],"about":[{"href":"https:\/\/beethoven.org.pl\/impresariat\/wp-json\/wp\/v2\/types\/post"}],"author":[{"embeddable":true,"href":"https:\/\/beethoven.org.pl\/impresariat\/wp-json\/wp\/v2\/users\/2"}],"replies":[{"embeddable":true,"href":"https:\/\/beethoven.org.pl\/impresariat\/wp-json\/wp\/v2\/comments?post=297"}],"version-history":[{"count":3,"href":"https:\/\/beethoven.org.pl\/impresariat\/wp-json\/wp\/v2\/posts\/297\/revisions"}],"predecessor-version":[{"id":354,"href":"https:\/\/beethoven.org.pl\/impresariat\/wp-json\/wp\/v2\/posts\/297\/revisions\/354"}],"wp:attachment":[{"href":"https:\/\/beethoven.org.pl\/impresariat\/wp-json\/wp\/v2\/media?parent=297"}],"wp:term":[{"taxonomy":"category","embeddable":true,"href":"https:\/\/beethoven.org.pl\/impresariat\/wp-json\/wp\/v2\/categories?post=297"},{"taxonomy":"post_tag","embeddable":true,"href":"https:\/\/beethoven.org.pl\/impresariat\/wp-json\/wp\/v2\/tags?post=297"}],"curies":[{"name":"wp","href":"https:\/\/api.w.org\/{rel}","templated":true}]}}