{"id":286,"date":"2016-10-28T12:09:24","date_gmt":"2016-10-28T10:09:24","guid":{"rendered":"http:\/\/dev.yoho.pl\/beethoven\/impresariat\/?p=286"},"modified":"2016-12-07T12:11:50","modified_gmt":"2016-12-07T11:11:50","slug":"lukasz-krupinski-w-filharmonii-baltyckiej","status":"publish","type":"post","link":"https:\/\/beethoven.org.pl\/impresariat\/2016\/10\/28\/lukasz-krupinski-w-filharmonii-baltyckiej\/","title":{"rendered":"\u0141ukasz Krupi\u0144ski w Filharmonii Ba\u0142tyckiej"},"content":{"rendered":"<p><img loading=\"lazy\" decoding=\"async\" class=\"size-medium wp-image-287\" src=\"http:\/\/beethoven.org.pl\/impresariat\/wp-content\/uploads\/sites\/6\/2016\/12\/podp._\u0141ukasz-Krupi\u0144ski1-200x300.jpg\" alt=\"31.10.2016 - \u0141UKASZ KRUPI\u0143SKI - ZDJ\u0118CIA NA ZLECENIE STOWARZYSZENIA IM. LUDWIGA VAN BEETHOVENA  FOT. BRUNO FIDRYCH \/ PLASTERSTUDIO +48 600 83 82 82\" width=\"200\" height=\"300\" srcset=\"https:\/\/beethoven.org.pl\/impresariat\/wp-content\/uploads\/sites\/6\/2016\/12\/podp._\u0141ukasz-Krupi\u0144ski1-200x300.jpg 200w, https:\/\/beethoven.org.pl\/impresariat\/wp-content\/uploads\/sites\/6\/2016\/12\/podp._\u0141ukasz-Krupi\u0144ski1-768x1152.jpg 768w, https:\/\/beethoven.org.pl\/impresariat\/wp-content\/uploads\/sites\/6\/2016\/12\/podp._\u0141ukasz-Krupi\u0144ski1-683x1024.jpg 683w\" sizes=\"auto, (max-width: 200px) 100vw, 200px\" \/><\/p>\n<p>Ju\u017c dzi\u015b \u0141ukasz Krupi\u0144ski wyst\u0105pi w Filharmonii Ba\u0142tyckiej. Artysta zagra wraz z Orkiestr\u0105 Symfoniczn\u0105 Polskiej Filharmonii Ba\u0142tyckiej pod batut\u0105 Michaeal Zilma. W programie koncertu Preludium i Liebestood z dramatu muzycznego &#8222;Tristan i Izolda&#8221; Richarda Wagnera, IV Koncert fortepianowy G-dur op. 58 Ludwiga van Beethovena a tak\u017ce &#8222;Odwieczne pie\u015bni&#8221; Mieczys\u0142awa Kar\u0142owicza. Zapraszamy.<\/p>","protected":false},"excerpt":{"rendered":"<p>Ju\u017c dzi\u015b \u0141ukasz Krupi\u0144ski wyst\u0105pi w Filharmonii Ba\u0142tyckiej. Artysta zagra wraz z Orkiestr\u0105 Symfoniczn\u0105 Polskiej Filharmonii Ba\u0142tyckiej pod batut\u0105 Michaeal Zilma. W programie koncertu Preludium i Liebestood z dramatu muzycznego &#8222;Tristan i Izolda&#8221; Richarda Wagnera, IV Koncert fortepianowy G-dur op. 58 Ludwiga van Beethovena a tak\u017ce &#8222;Odwieczne pie\u015bni&#8221; Mieczys\u0142awa Kar\u0142owicza. Zapraszamy.<\/p>\n","protected":false},"author":2,"featured_media":0,"comment_status":"open","ping_status":"open","sticky":false,"template":"","format":"standard","meta":{"footnotes":""},"categories":[1],"tags":[],"class_list":["post-286","post","type-post","status-publish","format-standard","hentry","category-bez-kategorii"],"_links":{"self":[{"href":"https:\/\/beethoven.org.pl\/impresariat\/wp-json\/wp\/v2\/posts\/286","targetHints":{"allow":["GET"]}}],"collection":[{"href":"https:\/\/beethoven.org.pl\/impresariat\/wp-json\/wp\/v2\/posts"}],"about":[{"href":"https:\/\/beethoven.org.pl\/impresariat\/wp-json\/wp\/v2\/types\/post"}],"author":[{"embeddable":true,"href":"https:\/\/beethoven.org.pl\/impresariat\/wp-json\/wp\/v2\/users\/2"}],"replies":[{"embeddable":true,"href":"https:\/\/beethoven.org.pl\/impresariat\/wp-json\/wp\/v2\/comments?post=286"}],"version-history":[{"count":1,"href":"https:\/\/beethoven.org.pl\/impresariat\/wp-json\/wp\/v2\/posts\/286\/revisions"}],"predecessor-version":[{"id":288,"href":"https:\/\/beethoven.org.pl\/impresariat\/wp-json\/wp\/v2\/posts\/286\/revisions\/288"}],"wp:attachment":[{"href":"https:\/\/beethoven.org.pl\/impresariat\/wp-json\/wp\/v2\/media?parent=286"}],"wp:term":[{"taxonomy":"category","embeddable":true,"href":"https:\/\/beethoven.org.pl\/impresariat\/wp-json\/wp\/v2\/categories?post=286"},{"taxonomy":"post_tag","embeddable":true,"href":"https:\/\/beethoven.org.pl\/impresariat\/wp-json\/wp\/v2\/tags?post=286"}],"curies":[{"name":"wp","href":"https:\/\/api.w.org\/{rel}","templated":true}]}}