{"id":260,"date":"2016-09-19T11:39:35","date_gmt":"2016-09-19T09:39:35","guid":{"rendered":"http:\/\/dev.yoho.pl\/beethoven\/impresariat\/?p=260"},"modified":"2016-12-07T11:40:16","modified_gmt":"2016-12-07T10:40:16","slug":"pasazerka-z-agnieszka-rehlis-w-teatrze-wielkim-operze-narodowej","status":"publish","type":"post","link":"https:\/\/beethoven.org.pl\/impresariat\/2016\/09\/19\/pasazerka-z-agnieszka-rehlis-w-teatrze-wielkim-operze-narodowej\/","title":{"rendered":"&#8221;Pasa\u017cerka&#8221; z Agnieszk\u0105 Rehlis w Teatrze Wielkim Operze Narodowej"},"content":{"rendered":"<p>Agnieszka Rehlis po raz kolejny wyst\u0119puje w roli Lisy, jednej z g\u0142\u00f3wnych bohaterek opery \u201ePasa\u017cerka\u201d Mieczys\u0142awa Weinberga. Najbli\u017cszy spektakl z udzia\u0142em artystki w Teatrze Wielkim Operze Narodowej odb\u0119dzie si\u0119 ju\u017c jutro (20 wrze\u015bnia). Zapraszamy!<br \/>\nWiecej informacji: <a href=\"http:\/\/teatrwielki.pl\/repertuar\/kalendarium\/2016-2017\/pasazerka\/\" target=\"_blank\" rel=\"nofollow\">http:\/\/teatrwielki.pl\/repe\u2026\/kalendarium\/2016-2017\/pasazerka\/<\/a><\/p>\n<p>fot. Bruno Fidrych\/archiwum Stowarzyszenia im. Ludwiga van Beethovena<\/p>","protected":false},"excerpt":{"rendered":"<p>Agnieszka Rehlis po raz kolejny wyst\u0119puje w roli Lisy, jednej z g\u0142\u00f3wnych bohaterek opery \u201ePasa\u017cerka\u201d Mieczys\u0142awa Weinberga. Najbli\u017cszy spektakl z udzia\u0142em artystki w Teatrze Wielkim Operze Narodowej odb\u0119dzie si\u0119 ju\u017c jutro (20 wrze\u015bnia). Zapraszamy! Wiecej informacji: http:\/\/teatrwielki.pl\/repe\u2026\/kalendarium\/2016-2017\/pasazerka\/ fot. Bruno Fidrych\/archiwum Stowarzyszenia im. Ludwiga van Beethovena<\/p>\n","protected":false},"author":2,"featured_media":0,"comment_status":"open","ping_status":"open","sticky":false,"template":"","format":"standard","meta":{"footnotes":""},"categories":[1],"tags":[],"class_list":["post-260","post","type-post","status-publish","format-standard","hentry","category-bez-kategorii"],"_links":{"self":[{"href":"https:\/\/beethoven.org.pl\/impresariat\/wp-json\/wp\/v2\/posts\/260","targetHints":{"allow":["GET"]}}],"collection":[{"href":"https:\/\/beethoven.org.pl\/impresariat\/wp-json\/wp\/v2\/posts"}],"about":[{"href":"https:\/\/beethoven.org.pl\/impresariat\/wp-json\/wp\/v2\/types\/post"}],"author":[{"embeddable":true,"href":"https:\/\/beethoven.org.pl\/impresariat\/wp-json\/wp\/v2\/users\/2"}],"replies":[{"embeddable":true,"href":"https:\/\/beethoven.org.pl\/impresariat\/wp-json\/wp\/v2\/comments?post=260"}],"version-history":[{"count":2,"href":"https:\/\/beethoven.org.pl\/impresariat\/wp-json\/wp\/v2\/posts\/260\/revisions"}],"predecessor-version":[{"id":263,"href":"https:\/\/beethoven.org.pl\/impresariat\/wp-json\/wp\/v2\/posts\/260\/revisions\/263"}],"wp:attachment":[{"href":"https:\/\/beethoven.org.pl\/impresariat\/wp-json\/wp\/v2\/media?parent=260"}],"wp:term":[{"taxonomy":"category","embeddable":true,"href":"https:\/\/beethoven.org.pl\/impresariat\/wp-json\/wp\/v2\/categories?post=260"},{"taxonomy":"post_tag","embeddable":true,"href":"https:\/\/beethoven.org.pl\/impresariat\/wp-json\/wp\/v2\/tags?post=260"}],"curies":[{"name":"wp","href":"https:\/\/api.w.org\/{rel}","templated":true}]}}