{"id":202,"date":"2016-09-19T14:39:44","date_gmt":"2016-09-19T12:39:44","guid":{"rendered":"http:\/\/dev.yoho.pl\/beethoven\/impresariat\/?p=202"},"modified":"2016-10-18T14:40:23","modified_gmt":"2016-10-18T12:40:23","slug":"lukasz-krupinski-zwyciezca-vii-miedzynarodowego-konkursu-pianistycznego-w-san-marino","status":"publish","type":"post","link":"https:\/\/beethoven.org.pl\/impresariat\/2016\/09\/19\/lukasz-krupinski-zwyciezca-vii-miedzynarodowego-konkursu-pianistycznego-w-san-marino\/","title":{"rendered":"\u0141ukasz Krupi\u0144ski zwyci\u0119zc\u0105 VII Mi\u0119dzynarodowego Konkursu Pianistycznego w San Marino"},"content":{"rendered":"<p><img loading=\"lazy\" decoding=\"async\" class=\"size-medium wp-image-203 alignleft\" src=\"http:\/\/beethoven.org.pl\/impresariat\/wp-content\/uploads\/sites\/6\/2016\/10\/\u0141ukasz-Krupi\u0144ski-zdj\u0119cie-2-300x169.jpg\" alt=\"lukasz-krupinski-zdjecie-2\" width=\"300\" height=\"169\" srcset=\"https:\/\/beethoven.org.pl\/impresariat\/wp-content\/uploads\/sites\/6\/2016\/10\/\u0141ukasz-Krupi\u0144ski-zdj\u0119cie-2-300x169.jpg 300w, https:\/\/beethoven.org.pl\/impresariat\/wp-content\/uploads\/sites\/6\/2016\/10\/\u0141ukasz-Krupi\u0144ski-zdj\u0119cie-2-768x432.jpg 768w, https:\/\/beethoven.org.pl\/impresariat\/wp-content\/uploads\/sites\/6\/2016\/10\/\u0141ukasz-Krupi\u0144ski-zdj\u0119cie-2-1024x576.jpg 1024w\" sizes=\"auto, (max-width: 300px) 100vw, 300px\" \/>\u0141ukasz Krupi\u0144ski, pianista reprezentowany przez Stowarzyszenie im. Ludwiga van Beethovena, zosta\u0142 zwyci\u0119zc\u0105 VII Mi\u0119dzynarodowego Konkursu Pianistycznego w San Marino. Wy\u0142oniono go spo\u015br\u00f3d 30 m\u0142odych artyst\u00f3w z ca\u0142ego \u015bwiata, kt\u00f3rzy zakwalifikowani zostali do konkursu. Opr\u00f3cz nagrody g\u0142\u00f3wnej, \u0141ukasz Krupi\u0144ski zdoby\u0142 tak\u017ce wszystkie nagrody pozaregulaminowe: nagrod\u0119 publiczno\u015bci, nagrod\u0119 krytyk\u00f3w, a tak\u017ce nagrod\u0119 od Orkiestry. Obok \u0141ukasza Krupi\u0144skiego na podium znale\u017ali si\u0119 tak\u017ce Dmytro Choni, zdobywaj\u0105c II nagrod\u0119 oraz Meng-Sheng Shen z III lokat\u0105.<br \/>\n\u0141ukasz Krupi\u0144ski urodzi\u0142 si\u0119 w 1992 roku w Warszawie. Jest absolwentem Liceum Muzycznego im. Zenona Brzewskiego w Warszawie. Studiowa\u0142 na Uniwersytecie Muzycznym Fryderyka Chopina w Warszawie pod kierunkiem prof Alicji Palety-Bugaj i dr Konrada Skolarskiego.<br \/>\nP\u00f3\u0142finalista XVII Mi\u0119dzynarodowego Konkursu Pianistycznego im. Fryderyka Chopina w Warszawie (2015).<br \/>\nJest zwyci\u0119zc\u0105 wielu presti\u017cowych nagr\u00f3d na mi\u0119dzynarodowych konkursach pianistycznych, m.in. I nagroda oraz nagroda specjalna na Mi\u0119dzynarodowym Konkursie Muzyki S\u0142owia\u0144skiej w Mi\u0144sku na Bia\u0142orusi (2011), Grand Prix oraz dwie nagrody specjalne na II Syberyjskim Mi\u0119dzynarodowym Konkursie Pianistycznym im. F. Chopina w Tomsku (2013), I nagroda na Konkursie o Stypendium Yamaha Music Foundation of Europe Scholarschip (2014), I nagroda na 15 Mi\u0119dzynarodowym Konkursie Pianistycznym Chopin-Gesellschaft Hannover (2015), I nagroda na Mi\u0119dzynarodowym Konkursie Pianistycznym ClaviCologne w Akwizgranie (2016).<br \/>\nDwukrotny laureat Fundacji Pro Polonia (2013, 2014), Nagrody Ministra Kultury i Dziedzictwa Narodowego za wybitne osi\u0105gni\u0119cia w tw\u00f3rczo\u015bci (2013, 2014), Stypendium Ministra Kultury i Dziedzictwa Narodowego (2015), Stypendysta Fundacji Krystiana Zimermana (2015). W 2016 roku zosta\u0142 uhonorowany Medalem Pami\u0105tkowym Uniwersytetu Muzycznego Fryderyka Chopina w dow\u00f3d uznania dla osi\u0105gni\u0119\u0107 artystycznych.<br \/>\nKoncertowa\u0142 w Polsce, na Bia\u0142orusi, Litwie, w Belgii, Francji, Norwegii, Niemczech, Hiszpanii, we W\u0142oszech, Wielkiej Brytanii, Rosji, Chinach, Korei i Australii.<\/p>","protected":false},"excerpt":{"rendered":"<p>\u0141ukasz Krupi\u0144ski, pianista reprezentowany przez Stowarzyszenie im. Ludwiga van Beethovena, zosta\u0142 zwyci\u0119zc\u0105 VII Mi\u0119dzynarodowego Konkursu Pianistycznego w San Marino. Wy\u0142oniono go spo\u015br\u00f3d 30 m\u0142odych artyst\u00f3w z ca\u0142ego \u015bwiata, kt\u00f3rzy zakwalifikowani zostali do konkursu. Opr\u00f3cz nagrody g\u0142\u00f3wnej, \u0141ukasz Krupi\u0144ski zdoby\u0142 tak\u017ce wszystkie nagrody pozaregulaminowe: nagrod\u0119 publiczno\u015bci, nagrod\u0119 krytyk\u00f3w, a tak\u017ce nagrod\u0119 od Orkiestry. Obok \u0141ukasza Krupi\u0144skiego [&hellip;]<\/p>\n","protected":false},"author":2,"featured_media":0,"comment_status":"open","ping_status":"open","sticky":false,"template":"","format":"standard","meta":{"footnotes":""},"categories":[1],"tags":[],"class_list":["post-202","post","type-post","status-publish","format-standard","hentry","category-bez-kategorii"],"_links":{"self":[{"href":"https:\/\/beethoven.org.pl\/impresariat\/wp-json\/wp\/v2\/posts\/202","targetHints":{"allow":["GET"]}}],"collection":[{"href":"https:\/\/beethoven.org.pl\/impresariat\/wp-json\/wp\/v2\/posts"}],"about":[{"href":"https:\/\/beethoven.org.pl\/impresariat\/wp-json\/wp\/v2\/types\/post"}],"author":[{"embeddable":true,"href":"https:\/\/beethoven.org.pl\/impresariat\/wp-json\/wp\/v2\/users\/2"}],"replies":[{"embeddable":true,"href":"https:\/\/beethoven.org.pl\/impresariat\/wp-json\/wp\/v2\/comments?post=202"}],"version-history":[{"count":1,"href":"https:\/\/beethoven.org.pl\/impresariat\/wp-json\/wp\/v2\/posts\/202\/revisions"}],"predecessor-version":[{"id":204,"href":"https:\/\/beethoven.org.pl\/impresariat\/wp-json\/wp\/v2\/posts\/202\/revisions\/204"}],"wp:attachment":[{"href":"https:\/\/beethoven.org.pl\/impresariat\/wp-json\/wp\/v2\/media?parent=202"}],"wp:term":[{"taxonomy":"category","embeddable":true,"href":"https:\/\/beethoven.org.pl\/impresariat\/wp-json\/wp\/v2\/categories?post=202"},{"taxonomy":"post_tag","embeddable":true,"href":"https:\/\/beethoven.org.pl\/impresariat\/wp-json\/wp\/v2\/tags?post=202"}],"curies":[{"name":"wp","href":"https:\/\/api.w.org\/{rel}","templated":true}]}}