{"id":1538,"date":"2023-09-15T16:29:23","date_gmt":"2023-09-15T14:29:23","guid":{"rendered":"http:\/\/beethoven.org.pl\/impresariat\/?p=1538"},"modified":"2023-09-15T16:30:08","modified_gmt":"2023-09-15T14:30:08","slug":"credo-krzysztofa-pendereckiego-w-filharmonii-pomorskiej","status":"publish","type":"post","link":"https:\/\/beethoven.org.pl\/impresariat\/2023\/09\/15\/credo-krzysztofa-pendereckiego-w-filharmonii-pomorskiej\/","title":{"rendered":"Credo Krzysztofa Pendereckiego w Filharmonii Pomorskiej"},"content":{"rendered":"<p><\/p>\n<div class=\"xdj266r x11i5rnm xat24cr x1mh8g0r x1vvkbs x126k92a\">\n<div dir=\"auto\"><em>Credo<\/em> Krzysztofa Pendereckiego to monumentalne i poruszaj\u0105ce dzie\u0142o, kt\u00f3re si\u0119ga inspiracj\u0105 do wielkich dzie\u0142 oratoryjnych Bacha oraz Missy Solemnis Beethovena. Pierwotnie mia\u0142o by\u0107 msz\u0105, kt\u00f3r\u0105 zam\u00f3wiono u kompozytora, aby u\u015bwietni\u0142a dwa presti\u017cowe festiwale: Internationale Bachakademie Stuttgart oraz Oregon Bach Festival. Jednak w trakcie komponowania pierwszej z jej cz\u0119\u015bci \u2013 credo (\u0142ac. \u2018wyznanie wiary\u2019, dos\u0142ownie: \u2018wierz\u0119\u2019) \u2013 zacz\u0119\u0142a si\u0119 ona tak rozrasta\u0107, \u017ce w ko\u0144cu sta\u0142a si\u0119 samoistnym dzie\u0142em. Utw\u00f3r sk\u0142ada si\u0119 z dziewi\u0119ciu cz\u0119\u015bci skomponowanych wok\u00f3\u0142 tekst\u00f3w \u0142aci\u0144skich, polskich i niemieckich.<\/div>\n<div dir=\"auto\"><\/div>\n<\/div>\n<div class=\"x11i5rnm xat24cr x1mh8g0r x1vvkbs xtlvy1s x126k92a\">\n<div dir=\"auto\">Ju\u017c dzi\u015b o godz. 19:00 us\u0142yszmy je w wykonaniu m.in. dw\u00f3ch znakomitych \u015bpiewaczek <span class=\"xt0psk2\">Natalii Rubi\u015b<\/span>\u00a0i Karoliny Sikory. Wyst\u0119p zainauguruje 61. Bydgoski Festiwal Muzyczny w <span class=\"xt0psk2\">Filharmonii Pomorskiej.<\/span><\/div>\n<\/div>\n<div class=\"x11i5rnm xat24cr x1mh8g0r x1vvkbs xtlvy1s x126k92a\">\n<div dir=\"auto\">W programie koncertu <em>Credo<\/em> Krzysztofa Pendereckiego i <em>Te Deum<\/em> Antonina Dvo\u0159\u00e1ka. Zapraszamy!!!<\/div>\n<\/div>\n<p><\/p>","protected":false},"excerpt":{"rendered":"<p>Credo Krzysztofa Pendereckiego to monumentalne i poruszaj\u0105ce dzie\u0142o, kt\u00f3re si\u0119ga inspiracj\u0105 do wielkich dzie\u0142 oratoryjnych Bacha oraz Missy Solemnis Beethovena. Pierwotnie mia\u0142o by\u0107 msz\u0105, kt\u00f3r\u0105 zam\u00f3wiono u kompozytora, aby u\u015bwietni\u0142a dwa presti\u017cowe festiwale: Internationale Bachakademie Stuttgart oraz Oregon Bach Festival. Jednak w trakcie komponowania pierwszej z jej cz\u0119\u015bci \u2013 credo (\u0142ac. \u2018wyznanie wiary\u2019, dos\u0142ownie: \u2018wierz\u0119\u2019) [&hellip;]<\/p>\n","protected":false},"author":2,"featured_media":0,"comment_status":"open","ping_status":"open","sticky":false,"template":"","format":"standard","meta":{"footnotes":""},"categories":[1],"tags":[],"class_list":["post-1538","post","type-post","status-publish","format-standard","hentry","category-bez-kategorii"],"_links":{"self":[{"href":"https:\/\/beethoven.org.pl\/impresariat\/wp-json\/wp\/v2\/posts\/1538","targetHints":{"allow":["GET"]}}],"collection":[{"href":"https:\/\/beethoven.org.pl\/impresariat\/wp-json\/wp\/v2\/posts"}],"about":[{"href":"https:\/\/beethoven.org.pl\/impresariat\/wp-json\/wp\/v2\/types\/post"}],"author":[{"embeddable":true,"href":"https:\/\/beethoven.org.pl\/impresariat\/wp-json\/wp\/v2\/users\/2"}],"replies":[{"embeddable":true,"href":"https:\/\/beethoven.org.pl\/impresariat\/wp-json\/wp\/v2\/comments?post=1538"}],"version-history":[{"count":1,"href":"https:\/\/beethoven.org.pl\/impresariat\/wp-json\/wp\/v2\/posts\/1538\/revisions"}],"predecessor-version":[{"id":1540,"href":"https:\/\/beethoven.org.pl\/impresariat\/wp-json\/wp\/v2\/posts\/1538\/revisions\/1540"}],"wp:attachment":[{"href":"https:\/\/beethoven.org.pl\/impresariat\/wp-json\/wp\/v2\/media?parent=1538"}],"wp:term":[{"taxonomy":"category","embeddable":true,"href":"https:\/\/beethoven.org.pl\/impresariat\/wp-json\/wp\/v2\/categories?post=1538"},{"taxonomy":"post_tag","embeddable":true,"href":"https:\/\/beethoven.org.pl\/impresariat\/wp-json\/wp\/v2\/tags?post=1538"}],"curies":[{"name":"wp","href":"https:\/\/api.w.org\/{rel}","templated":true}]}}