{"id":1533,"date":"2023-09-15T16:07:24","date_gmt":"2023-09-15T14:07:24","guid":{"rendered":"http:\/\/beethoven.org.pl\/impresariat\/?p=1533"},"modified":"2023-09-15T16:10:51","modified_gmt":"2023-09-15T14:10:51","slug":"festiwal-szymanowskiego-z-artystami-stowarzyszenia-im-ludwiga-van-beethovena","status":"publish","type":"post","link":"https:\/\/beethoven.org.pl\/impresariat\/2023\/09\/15\/festiwal-szymanowskiego-z-artystami-stowarzyszenia-im-ludwiga-van-beethovena\/","title":{"rendered":"Festiwal Szymanowskiego z Artystami Stowarzyszenia im. Ludwiga van Beethovena"},"content":{"rendered":"<p>Zapraszamy a wyj\u0105tkowy koncert otwieraj\u0105cy Festiwal Szymanowskiego i inauguruj\u0105cy sezon artystyczny w Filharmonii Krakowskiej.<\/p>\n<div dir=\"auto\">Inauguracja festiwalu to wydarzenie z udzia\u0142em Orkiestry i Ch\u00f3ru Filharmonii Krakowskiej pod batut\u0105 Dyrektora Artystycznego instytucji \u2013 <span class=\"xt0psk2\">Alexandra Humali<\/span>, kt\u00f3ry poprowadzi zespo\u0142y podczas wykonania <em>Trzech ta\u0144c\u00f3w<\/em> op. 34 Henryka Miko\u0142aja G\u00f3reckiego, <em>IV Symfonii Koncertuj\u0105cej<\/em> op. 60 Karola Szymanowskiego z <span class=\"xt0psk2\">Tymoteuszem Biesem<\/span> przy fortepianie. Po przerwie na krakowskiej scenie zabrzmi <em>Te Deum<\/em> Krzysztofa Pendereckiego na g\u0142osy solowe, ch\u00f3r i orkiestr\u0119, powsta\u0142e z inspiracji wyborem papie\u017ca Jana Paw\u0142a II i jemu te\u017c dedykowane.<\/div>\n<div dir=\"auto\">W wykonaniu tego dzie\u0142a udzia\u0142 wezm\u0105 soli\u015bci \u2013 Iwona Hossa \u2013 sopran, Anna Luba\u0144ska \u2013 mezzosopran, <span class=\"xt0psk2\">Rafa\u0142 Bartmi\u0144ski<\/span> \u2013 tenor i Piotr Nowacki \u2013 bas.<\/div>\n<div dir=\"auto\"><\/div>\n<div dir=\"auto\">Zapraszamy!<\/div>\n<p><\/p>","protected":false},"excerpt":{"rendered":"<p>Zapraszamy a wyj\u0105tkowy koncert otwieraj\u0105cy Festiwal Szymanowskiego i inauguruj\u0105cy sezon artystyczny w Filharmonii Krakowskiej. Inauguracja festiwalu to wydarzenie z udzia\u0142em Orkiestry i Ch\u00f3ru Filharmonii Krakowskiej pod batut\u0105 Dyrektora Artystycznego instytucji \u2013 Alexandra Humali, kt\u00f3ry poprowadzi zespo\u0142y podczas wykonania Trzech ta\u0144c\u00f3w op. 34 Henryka Miko\u0142aja G\u00f3reckiego, IV Symfonii Koncertuj\u0105cej op. 60 Karola Szymanowskiego z Tymoteuszem Biesem [&hellip;]<\/p>\n","protected":false},"author":2,"featured_media":0,"comment_status":"open","ping_status":"open","sticky":false,"template":"","format":"standard","meta":{"footnotes":""},"categories":[1],"tags":[],"class_list":["post-1533","post","type-post","status-publish","format-standard","hentry","category-bez-kategorii"],"_links":{"self":[{"href":"https:\/\/beethoven.org.pl\/impresariat\/wp-json\/wp\/v2\/posts\/1533","targetHints":{"allow":["GET"]}}],"collection":[{"href":"https:\/\/beethoven.org.pl\/impresariat\/wp-json\/wp\/v2\/posts"}],"about":[{"href":"https:\/\/beethoven.org.pl\/impresariat\/wp-json\/wp\/v2\/types\/post"}],"author":[{"embeddable":true,"href":"https:\/\/beethoven.org.pl\/impresariat\/wp-json\/wp\/v2\/users\/2"}],"replies":[{"embeddable":true,"href":"https:\/\/beethoven.org.pl\/impresariat\/wp-json\/wp\/v2\/comments?post=1533"}],"version-history":[{"count":1,"href":"https:\/\/beethoven.org.pl\/impresariat\/wp-json\/wp\/v2\/posts\/1533\/revisions"}],"predecessor-version":[{"id":1535,"href":"https:\/\/beethoven.org.pl\/impresariat\/wp-json\/wp\/v2\/posts\/1533\/revisions\/1535"}],"wp:attachment":[{"href":"https:\/\/beethoven.org.pl\/impresariat\/wp-json\/wp\/v2\/media?parent=1533"}],"wp:term":[{"taxonomy":"category","embeddable":true,"href":"https:\/\/beethoven.org.pl\/impresariat\/wp-json\/wp\/v2\/categories?post=1533"},{"taxonomy":"post_tag","embeddable":true,"href":"https:\/\/beethoven.org.pl\/impresariat\/wp-json\/wp\/v2\/tags?post=1533"}],"curies":[{"name":"wp","href":"https:\/\/api.w.org\/{rel}","templated":true}]}}