{"id":1505,"date":"2023-07-05T12:57:40","date_gmt":"2023-07-05T10:57:40","guid":{"rendered":"http:\/\/beethoven.org.pl\/impresariat\/?p=1505"},"modified":"2023-07-11T10:17:03","modified_gmt":"2023-07-11T08:17:03","slug":"penderecki-trio-na-festiwalu-w-izmirze","status":"publish","type":"post","link":"https:\/\/beethoven.org.pl\/impresariat\/2023\/07\/05\/penderecki-trio-na-festiwalu-w-izmirze\/","title":{"rendered":"Penderecki Trio na Festiwalu w Izmirze"},"content":{"rendered":"<p>Ju\u017c dzi\u015b Penderecki Trio wyst\u0105pi podczas 36. Mi\u0119dzynarodowego Festwialu w Izmirze. Trio w sk\u0142adzie\u00a0Leticia Moreno\u00a0(skrzypce),\u00a0Claudio Bohorquez\u00a0(wiolonczela) i\u00a0\u0141ukasz Krupi\u0144ski (fortepian) wykonaj\u0105 kompozycje Fryderyka Chopina, J\u00f3zefa Wienaiwskiego i Krzysztofa Pendereckiego.<\/p>\n<p class=\"v1MsoNormal\">W 2023 roku przypada trzecia rocznica \u015bmierci i 90. rocznica urodzin Krzysztofa Pendereckiego, jednego z najwybitniejszych wsp\u00f3\u0142czesnych kompozytor\u00f3w, kt\u00f3rego tw\u00f3rczo\u015b\u0107 wywar\u0142a znacz\u0105cy wp\u0142yw na \u015bwiatow\u0105 muzyk\u0119 XX i XXI wieku.\u00a06 lipca 2023 roku b\u0119dzie mo\u017cna pos\u0142ucha\u0107 m.in. europejskiej i azjatyckiej premiery <em>Chaconne in Memorial del Giovani Paolo II<\/em> Krzysztofa Pendereckiego w wykonaniu Penderecki Trio.<\/p>\n<p class=\"v1MsoNormal\"><em>Chaconne<\/em>, utw\u00f3r dedykowany papie\u017cowi Janowi Paw\u0142owi II, pochodzi ze s\u0142ynnego polskiego Requiem, wokalno-instrumentalnego utworu Pendereckiego na ch\u00f3r mieszany, solist\u00f3w i orkiestr\u0119.\u00a0Powstawa\u0142 w latach 1980-1984.\u00a0Poszczeg\u00f3lne cz\u0119\u015bci upami\u0119tniaj\u0105 wa\u017cne postacie z historii Polski (st\u0105d nazwa dzie\u0142a).\u00a0W 2019 roku kompozytor powo\u0142a\u0142 Penderecki Trio, do kt\u00f3rego planowa\u0142 zaprosi\u0107 znanych sobie wybitnych solist\u00f3w w celu popularyzacji wsp\u00f3\u0142czesnej kameralistyki.\u00a0Planowa\u0142 zaaran\u017cowa\u0107 <em>Chaconne<\/em> z P<em>olskiego Requiem<\/em> dla Tria, niestety plany te przerwa\u0142a \u015bmier\u0107 Kompozytora.\u00a0Utw\u00f3r zosta\u0142 ostatecznie zaaran\u017cowany przez jego by\u0142ego ucznia i bliskiego wsp\u00f3\u0142pracownika, korea\u0144skiego kompozytora Jeajoon Ryu.<\/p>\n<p class=\"v1MsoNormal\">Zdobywca nagrody Grammy, kompozytor i dyrygent Krzysztof Penderecki urodzi\u0142 si\u0119 23 listopada 1933 roku w D\u0119bicy.\u00a0\u015awiatow\u0105 s\u0142aw\u0119 przynios\u0142y mu prace powsta\u0142e w latach 60.\u00a0Mi\u0119dzynarodowy sukces odni\u00f3s\u0142 dzi\u0119ki takim utworom, jak\u00a0<em>Tren Ofiarom Hiroszimy<\/em> (nada\u0142 trwa\u0142y muzyczny wyraz epoce l\u0119ku przed bomb\u0105 atomow\u0105) czy P<em>asja wed\u0142ug \u015bw. \u0141ukasza<\/em>, kt\u00f3rej premiera odby\u0142a si\u0119 w katedrze w M\u00fcnster w 1966 roku.<\/p>\n<p class=\"v1MsoNormal\">Wiele jego prac zosta\u0142o zam\u00f3wionych na specjalne okazje, jak <em>Raj utracony<\/em> wed\u0142ug Miltona, kt\u00f3ry zosta\u0142 napisany z okazji obchod\u00f3w dwustulecia Stan\u00f3w Zjednoczonych.\u00a0Muzyka Pendereckiego jest regularnie wykonywana przez czo\u0142owych \u015bwiatowych solist\u00f3w i dyrygent\u00f3w.\u00a0Jego kompozycje by\u0142y cz\u0119sto cytowane w filmach, najbardziej znany przez Stanleya Kubricka w <em>L\u015bnieniu<\/em>.<\/p>\n<p class=\"v1MsoNormal\">Trio Pendereckich w sk\u0142adzie: Leticia Moreno &#8211; skrzypce, Claudio Bohorquez &#8211; wiolonczela, \u0141ukasz Krupi\u0144ski &#8211; fortepian to nowy, znakomity zesp\u00f3\u0142 muzyczny, w sk\u0142ad kt\u00f3rego wchodz\u0105 wybitni instrumentali\u015bci, laureaci mi\u0119dzynarodowych konkurs\u00f3w muzycznych, a przede wszystkim muzycy wsp\u00f3\u0142pracuj\u0105cy przez wiele lat z Maestro Pendereckim.<\/p>\n<p>&nbsp;<\/p>\n<p><img loading=\"lazy\" decoding=\"async\" class=\"alignnone size-medium wp-image-1506\" src=\"http:\/\/beethoven.org.pl\/impresariat\/wp-content\/uploads\/sites\/6\/2023\/07\/PrzechwytywanieMKDiN-i-IMIT-300x78.jpg\" alt=\"\" width=\"300\" height=\"78\" srcset=\"https:\/\/beethoven.org.pl\/impresariat\/wp-content\/uploads\/sites\/6\/2023\/07\/PrzechwytywanieMKDiN-i-IMIT-300x78.jpg 300w, https:\/\/beethoven.org.pl\/impresariat\/wp-content\/uploads\/sites\/6\/2023\/07\/PrzechwytywanieMKDiN-i-IMIT-768x199.jpg 768w, https:\/\/beethoven.org.pl\/impresariat\/wp-content\/uploads\/sites\/6\/2023\/07\/PrzechwytywanieMKDiN-i-IMIT-1024x266.jpg 1024w, https:\/\/beethoven.org.pl\/impresariat\/wp-content\/uploads\/sites\/6\/2023\/07\/PrzechwytywanieMKDiN-i-IMIT.jpg 1180w\" sizes=\"auto, (max-width: 300px) 100vw, 300px\" \/><\/p>\n<p>&nbsp;<\/p>","protected":false},"excerpt":{"rendered":"<p>Ju\u017c dzi\u015b Penderecki Trio wyst\u0105pi podczas 36. Mi\u0119dzynarodowego Festwialu w Izmirze. Trio w sk\u0142adzie\u00a0Leticia Moreno\u00a0(skrzypce),\u00a0Claudio Bohorquez\u00a0(wiolonczela) i\u00a0\u0141ukasz Krupi\u0144ski (fortepian) wykonaj\u0105 kompozycje Fryderyka Chopina, J\u00f3zefa Wienaiwskiego i Krzysztofa Pendereckiego. W 2023 roku przypada trzecia rocznica \u015bmierci i 90. rocznica urodzin Krzysztofa Pendereckiego, jednego z najwybitniejszych wsp\u00f3\u0142czesnych kompozytor\u00f3w, kt\u00f3rego tw\u00f3rczo\u015b\u0107 wywar\u0142a znacz\u0105cy wp\u0142yw na \u015bwiatow\u0105 muzyk\u0119 XX [&hellip;]<\/p>\n","protected":false},"author":2,"featured_media":0,"comment_status":"open","ping_status":"open","sticky":false,"template":"","format":"standard","meta":{"footnotes":""},"categories":[1],"tags":[],"class_list":["post-1505","post","type-post","status-publish","format-standard","hentry","category-bez-kategorii"],"_links":{"self":[{"href":"https:\/\/beethoven.org.pl\/impresariat\/wp-json\/wp\/v2\/posts\/1505","targetHints":{"allow":["GET"]}}],"collection":[{"href":"https:\/\/beethoven.org.pl\/impresariat\/wp-json\/wp\/v2\/posts"}],"about":[{"href":"https:\/\/beethoven.org.pl\/impresariat\/wp-json\/wp\/v2\/types\/post"}],"author":[{"embeddable":true,"href":"https:\/\/beethoven.org.pl\/impresariat\/wp-json\/wp\/v2\/users\/2"}],"replies":[{"embeddable":true,"href":"https:\/\/beethoven.org.pl\/impresariat\/wp-json\/wp\/v2\/comments?post=1505"}],"version-history":[{"count":1,"href":"https:\/\/beethoven.org.pl\/impresariat\/wp-json\/wp\/v2\/posts\/1505\/revisions"}],"predecessor-version":[{"id":1508,"href":"https:\/\/beethoven.org.pl\/impresariat\/wp-json\/wp\/v2\/posts\/1505\/revisions\/1508"}],"wp:attachment":[{"href":"https:\/\/beethoven.org.pl\/impresariat\/wp-json\/wp\/v2\/media?parent=1505"}],"wp:term":[{"taxonomy":"category","embeddable":true,"href":"https:\/\/beethoven.org.pl\/impresariat\/wp-json\/wp\/v2\/categories?post=1505"},{"taxonomy":"post_tag","embeddable":true,"href":"https:\/\/beethoven.org.pl\/impresariat\/wp-json\/wp\/v2\/tags?post=1505"}],"curies":[{"name":"wp","href":"https:\/\/api.w.org\/{rel}","templated":true}]}}