{"id":1502,"date":"2023-06-09T14:34:37","date_gmt":"2023-06-09T12:34:37","guid":{"rendered":"http:\/\/beethoven.org.pl\/impresariat\/?p=1502"},"modified":"2023-06-09T14:34:37","modified_gmt":"2023-06-09T12:34:37","slug":"krzysztof-ksiazek-na-wernisazu-w-muzeum-ksiazat-czartoryskich-w-krakowie","status":"publish","type":"post","link":"https:\/\/beethoven.org.pl\/impresariat\/2023\/06\/09\/krzysztof-ksiazek-na-wernisazu-w-muzeum-ksiazat-czartoryskich-w-krakowie\/","title":{"rendered":"Krzysztof Ksi\u0105\u017cek na wernisa\u017cu w Muzeum Ksi\u0105\u017c\u0105t Czartoryskich w Krakowie"},"content":{"rendered":"<p>Pianista Krzysztof Ksi\u0105\u017cek wyst\u0105pi podczas wernisa\u017cu\u00a0w Muzeum Ksi\u0105\u017c\u0105t Czartoryskich w Krakowie. Artysta wykona utwory Fryderyka Chopina. Koncert towarzyszy\u0107 b\u0119dzie otwarciu cz\u0119\u015bci muzeum zwanej Klasztorkiem. W przestrzeni tej znajd\u0105 si\u0119 rozmaite artefakty zebrane przez rodzin\u0119 Czartoryskich, o charakterze patriotycznym, ale tak\u017ce ciekawostkowym. W narracj\u0119 wystawy wplataj\u0105 si\u0119 tak\u017ce w\u0105tki zwi\u0105zane z Fryderykiem Chopinem. Koncert odb\u0119dzie si\u0119 12 czerwca o godz. 18:00.<\/p>\n<p>&nbsp;<\/p>","protected":false},"excerpt":{"rendered":"<p>Pianista Krzysztof Ksi\u0105\u017cek wyst\u0105pi podczas wernisa\u017cu\u00a0w Muzeum Ksi\u0105\u017c\u0105t Czartoryskich w Krakowie. Artysta wykona utwory Fryderyka Chopina. Koncert towarzyszy\u0107 b\u0119dzie otwarciu cz\u0119\u015bci muzeum zwanej Klasztorkiem. W przestrzeni tej znajd\u0105 si\u0119 rozmaite artefakty zebrane przez rodzin\u0119 Czartoryskich, o charakterze patriotycznym, ale tak\u017ce ciekawostkowym. W narracj\u0119 wystawy wplataj\u0105 si\u0119 tak\u017ce w\u0105tki zwi\u0105zane z Fryderykiem Chopinem. Koncert odb\u0119dzie si\u0119 [&hellip;]<\/p>\n","protected":false},"author":2,"featured_media":0,"comment_status":"open","ping_status":"open","sticky":false,"template":"","format":"standard","meta":{"footnotes":""},"categories":[1],"tags":[],"class_list":["post-1502","post","type-post","status-publish","format-standard","hentry","category-bez-kategorii"],"_links":{"self":[{"href":"https:\/\/beethoven.org.pl\/impresariat\/wp-json\/wp\/v2\/posts\/1502","targetHints":{"allow":["GET"]}}],"collection":[{"href":"https:\/\/beethoven.org.pl\/impresariat\/wp-json\/wp\/v2\/posts"}],"about":[{"href":"https:\/\/beethoven.org.pl\/impresariat\/wp-json\/wp\/v2\/types\/post"}],"author":[{"embeddable":true,"href":"https:\/\/beethoven.org.pl\/impresariat\/wp-json\/wp\/v2\/users\/2"}],"replies":[{"embeddable":true,"href":"https:\/\/beethoven.org.pl\/impresariat\/wp-json\/wp\/v2\/comments?post=1502"}],"version-history":[{"count":1,"href":"https:\/\/beethoven.org.pl\/impresariat\/wp-json\/wp\/v2\/posts\/1502\/revisions"}],"predecessor-version":[{"id":1503,"href":"https:\/\/beethoven.org.pl\/impresariat\/wp-json\/wp\/v2\/posts\/1502\/revisions\/1503"}],"wp:attachment":[{"href":"https:\/\/beethoven.org.pl\/impresariat\/wp-json\/wp\/v2\/media?parent=1502"}],"wp:term":[{"taxonomy":"category","embeddable":true,"href":"https:\/\/beethoven.org.pl\/impresariat\/wp-json\/wp\/v2\/categories?post=1502"},{"taxonomy":"post_tag","embeddable":true,"href":"https:\/\/beethoven.org.pl\/impresariat\/wp-json\/wp\/v2\/tags?post=1502"}],"curies":[{"name":"wp","href":"https:\/\/api.w.org\/{rel}","templated":true}]}}