{"id":1498,"date":"2023-05-18T17:45:03","date_gmt":"2023-05-18T15:45:03","guid":{"rendered":"http:\/\/beethoven.org.pl\/impresariat\/?p=1498"},"modified":"2023-05-25T17:47:29","modified_gmt":"2023-05-25T15:47:29","slug":"zapraszamy-na-koncert-dla-dzieci-z-muzyka-krzysztofa-pendereckiego","status":"publish","type":"post","link":"https:\/\/beethoven.org.pl\/impresariat\/2023\/05\/18\/zapraszamy-na-koncert-dla-dzieci-z-muzyka-krzysztofa-pendereckiego\/","title":{"rendered":"Zapraszamy na koncert dla dzieci z muzyk\u0105 Krzysztofa Pendereckiego"},"content":{"rendered":"<p><\/p>\n<p class=\"v1paragraph\"><span class=\"v1normaltextrun\">Z okazji Dnia Dziecka Narodowe Centrum Kultury przygotowa\u0142o specjalne wydarzenie. 27 maja o godzinie 11:00 w Muszli Koncertowej Ogrodu Saskiego w Lublinie odb\u0119dzie si\u0119 Koncert dla dzieci z muzyk\u0105 Krzysztofa Pendereckiego. Podczas wydarzenia, dzi\u0119ki uprzejmo\u015bci Pani El\u017cbiety Pendereckiej, zabrzmi kompozycja Profesora przygotowana specjalnie na potrzeby spektaklu \u201eO krasnoludkach i sierotce Marysi\u201d, wystawionego w re\u017cyserii Ireny Wojutyckiej w 1957 roku w Teatrze Lalek Arlekin w \u0141odzi, w wykonaniu muzyk\u00f3w Akademii Beethovenowskiej z udzia\u0142em pianisty Krzysztofa Ksi\u0105\u017cka pod dyrekcj\u0105 maestro Macieja Tworka. Towarzyszy\u0107 im b\u0119dzie w roli narratora aktor S\u0142awomir Holland. Dope\u0142nieniem wydarzenia b\u0119dzie animacja, powsta\u0142a specjalnie na t\u0119 okazj\u0119 z my\u015bl\u0105 o najm\u0142odszych odbiorcach.<\/span><span class=\"v1eop\">\u00a0<\/span><\/p>\n<p class=\"v1paragraph\"><span class=\"v1normaltextrun\">Ide\u0105 wydarzenia jest przybli\u017cenie nieznanego oblicza tw\u00f3rczo\u015bci Mistrza Krzysztofa Pendereckiego. Na przestrzeni lat 1957-68, kiedy napisa\u0142 on takie utwory jak Psalmy Dawida (1959), Tren Ofiarom Hiroszimy (1960), Polimorphia na 48 instrument\u00f3w smyczkowych (1961) czy De natura sonoris no. 1 (1966), b\u0119d\u0105ce wyrazem eksperyment\u00f3w Mistrza z brzmieniem instrument\u00f3w, Penderecki skomponowa\u0142 muzyk\u0119 do ok. 44 spektakli teatr\u00f3w lalkowych.\u00a0<\/span><span class=\"v1eop\">\u00a0<\/span><\/p>\n<p class=\"v1paragraph\"><span class=\"v1normaltextrun\">Pe\u0142na \u017cartobliwego tonu, jak i trzymaj\u0105cych w napi\u0119ciu moment\u00f3w, muzyka napisana do spektaklu \u201eO krasnoludkach i o sierotce Marysi\u201d, obfituje w cytaty znanych dzieci\u0119cych piosenek przeplatane dysonuj\u0105cymi ust\u0119pami ilustruj\u0105cymi przebieg akcji. W Muszli Koncertowej Ogrodu Saskiego w Lublinie zostanie zaprezentowana wraz z animacj\u0105 autorstwa Krzysztofa G\u0142a\u017cewskiego przedstawiaj\u0105c\u0105 ba\u015b\u0144 Marii Konopnickiej, kt\u00f3rej tre\u015b\u0107 przytoczy narrator.\u00a0 Wydarzeniu towarzyszy\u0107 b\u0119d\u0105 warsztaty oraz atrakcje dla dzieci.<\/span><span class=\"v1eop\">\u00a0<\/span><\/p>\n<p>&nbsp;<\/p>\n<p><img loading=\"lazy\" decoding=\"async\" class=\"alignnone wp-image-3476 size-full\" src=\"http:\/\/beethoven.org.pl\/wp-content\/uploads\/2023\/05\/Sierotka-Marysia.jpg\" alt=\"\" width=\"693\" height=\"968\" \/><\/p>","protected":false},"excerpt":{"rendered":"<p>Z okazji Dnia Dziecka Narodowe Centrum Kultury przygotowa\u0142o specjalne wydarzenie. 27 maja o godzinie 11:00 w Muszli Koncertowej Ogrodu Saskiego w Lublinie odb\u0119dzie si\u0119 Koncert dla dzieci z muzyk\u0105 Krzysztofa Pendereckiego. Podczas wydarzenia, dzi\u0119ki uprzejmo\u015bci Pani El\u017cbiety Pendereckiej, zabrzmi kompozycja Profesora przygotowana specjalnie na potrzeby spektaklu \u201eO krasnoludkach i sierotce Marysi\u201d, wystawionego w re\u017cyserii Ireny [&hellip;]<\/p>\n","protected":false},"author":2,"featured_media":0,"comment_status":"open","ping_status":"open","sticky":false,"template":"","format":"standard","meta":{"footnotes":""},"categories":[1],"tags":[],"class_list":["post-1498","post","type-post","status-publish","format-standard","hentry","category-bez-kategorii"],"_links":{"self":[{"href":"https:\/\/beethoven.org.pl\/impresariat\/wp-json\/wp\/v2\/posts\/1498","targetHints":{"allow":["GET"]}}],"collection":[{"href":"https:\/\/beethoven.org.pl\/impresariat\/wp-json\/wp\/v2\/posts"}],"about":[{"href":"https:\/\/beethoven.org.pl\/impresariat\/wp-json\/wp\/v2\/types\/post"}],"author":[{"embeddable":true,"href":"https:\/\/beethoven.org.pl\/impresariat\/wp-json\/wp\/v2\/users\/2"}],"replies":[{"embeddable":true,"href":"https:\/\/beethoven.org.pl\/impresariat\/wp-json\/wp\/v2\/comments?post=1498"}],"version-history":[{"count":1,"href":"https:\/\/beethoven.org.pl\/impresariat\/wp-json\/wp\/v2\/posts\/1498\/revisions"}],"predecessor-version":[{"id":1500,"href":"https:\/\/beethoven.org.pl\/impresariat\/wp-json\/wp\/v2\/posts\/1498\/revisions\/1500"}],"wp:attachment":[{"href":"https:\/\/beethoven.org.pl\/impresariat\/wp-json\/wp\/v2\/media?parent=1498"}],"wp:term":[{"taxonomy":"category","embeddable":true,"href":"https:\/\/beethoven.org.pl\/impresariat\/wp-json\/wp\/v2\/categories?post=1498"},{"taxonomy":"post_tag","embeddable":true,"href":"https:\/\/beethoven.org.pl\/impresariat\/wp-json\/wp\/v2\/tags?post=1498"}],"curies":[{"name":"wp","href":"https:\/\/api.w.org\/{rel}","templated":true}]}}