{"id":1444,"date":"2023-02-06T11:11:45","date_gmt":"2023-02-06T10:11:45","guid":{"rendered":"http:\/\/beethoven.org.pl\/impresariat\/?p=1444"},"modified":"2023-02-06T12:19:56","modified_gmt":"2023-02-06T11:19:56","slug":"rapsodie-espagnole-w-narodowym-forum-muzyki","status":"publish","type":"post","link":"https:\/\/beethoven.org.pl\/impresariat\/2023\/02\/06\/rapsodie-espagnole-w-narodowym-forum-muzyki\/","title":{"rendered":"Rapsodie espagnole w Narodowym Forum Muzyki"},"content":{"rendered":"<p>Zapraszamy ju\u017c w najbli\u017cszy czwartek, 9 lutego do Narodowego Forum Muzyki na wyj\u0105tkowy koncert Ksi\u0105\u017cek Piano Duo.\u00a0Tego wieczoru w repertuarze pianist\u00f3w znajdzie si\u0119 efektowna\u00a0<em>Rapsodie espagnole<\/em>\u00a0Maurice\u2019a Ravela, a tak\u017ce dzie\u0142a polskich kompozytor\u00f3w \u2013 Fryderyka Chopina i Aleksandra Tansmana.<\/p>\n<p>Wi\u0119cej informacji oraz bilety\u00a0https:\/\/www.nfm.wroclaw.pl\/component\/nfmcalendar\/event\/9289<\/p>\n<p>Zapraszamy!<\/p>","protected":false},"excerpt":{"rendered":"<p>Zapraszamy ju\u017c w najbli\u017cszy czwartek, 9 lutego do Narodowego Forum Muzyki na wyj\u0105tkowy koncert Ksi\u0105\u017cek Piano Duo.\u00a0Tego wieczoru w repertuarze pianist\u00f3w znajdzie si\u0119 efektowna\u00a0Rapsodie espagnole\u00a0Maurice\u2019a Ravela, a tak\u017ce dzie\u0142a polskich kompozytor\u00f3w \u2013 Fryderyka Chopina i Aleksandra Tansmana. Wi\u0119cej informacji oraz bilety\u00a0https:\/\/www.nfm.wroclaw.pl\/component\/nfmcalendar\/event\/9289 Zapraszamy!<\/p>\n","protected":false},"author":2,"featured_media":0,"comment_status":"open","ping_status":"open","sticky":false,"template":"","format":"standard","meta":{"footnotes":""},"categories":[1],"tags":[],"class_list":["post-1444","post","type-post","status-publish","format-standard","hentry","category-bez-kategorii"],"_links":{"self":[{"href":"https:\/\/beethoven.org.pl\/impresariat\/wp-json\/wp\/v2\/posts\/1444","targetHints":{"allow":["GET"]}}],"collection":[{"href":"https:\/\/beethoven.org.pl\/impresariat\/wp-json\/wp\/v2\/posts"}],"about":[{"href":"https:\/\/beethoven.org.pl\/impresariat\/wp-json\/wp\/v2\/types\/post"}],"author":[{"embeddable":true,"href":"https:\/\/beethoven.org.pl\/impresariat\/wp-json\/wp\/v2\/users\/2"}],"replies":[{"embeddable":true,"href":"https:\/\/beethoven.org.pl\/impresariat\/wp-json\/wp\/v2\/comments?post=1444"}],"version-history":[{"count":1,"href":"https:\/\/beethoven.org.pl\/impresariat\/wp-json\/wp\/v2\/posts\/1444\/revisions"}],"predecessor-version":[{"id":1447,"href":"https:\/\/beethoven.org.pl\/impresariat\/wp-json\/wp\/v2\/posts\/1444\/revisions\/1447"}],"wp:attachment":[{"href":"https:\/\/beethoven.org.pl\/impresariat\/wp-json\/wp\/v2\/media?parent=1444"}],"wp:term":[{"taxonomy":"category","embeddable":true,"href":"https:\/\/beethoven.org.pl\/impresariat\/wp-json\/wp\/v2\/categories?post=1444"},{"taxonomy":"post_tag","embeddable":true,"href":"https:\/\/beethoven.org.pl\/impresariat\/wp-json\/wp\/v2\/tags?post=1444"}],"curies":[{"name":"wp","href":"https:\/\/api.w.org\/{rel}","templated":true}]}}