{"id":1439,"date":"2022-12-07T12:49:36","date_gmt":"2022-12-07T11:49:36","guid":{"rendered":"http:\/\/beethoven.org.pl\/impresariat\/?p=1439"},"modified":"2022-12-07T12:49:36","modified_gmt":"2022-12-07T11:49:36","slug":"kursy-mistrzowskie-z-krzysztofem-ksiazkiem-w-estonii","status":"publish","type":"post","link":"https:\/\/beethoven.org.pl\/impresariat\/2022\/12\/07\/kursy-mistrzowskie-z-krzysztofem-ksiazkiem-w-estonii\/","title":{"rendered":"Kursy mistrzowskie z Krzysztofem Ksi\u0105\u017ckiem w Estonii"},"content":{"rendered":"<p>Krzysztof Ksi\u0105\u017cek jako wybitny polski pianista, p\u00f3\u0142finalista i laureat dw\u00f3ch nagr\u00f3d pozaregulaminowych w XVII Mi\u0119dzynarodowym Konkursie im. Fryderyka Chopina w Warszawie\u00a0ju\u017c dzi\u015b inauguruje wyj\u0105tkowy projekt w Estonii. W\u00a0Esto\u0144skim Muzeum Wojny-Muzeum Genera\u0142a Laidonera w Viimsi o godz. 16:00 artysta zagra recital chopinowski na\u00a0fortepianie Becker. W koncercie uczestniczy\u0107 b\u0119d\u0105\u00a0Pierwsza Dama Republiki Estonii, Pani Sirje Karis, dyrektorzy instytut\u00f3w kultury i korpus dyplomatyczny.<\/p>\n<p>Nast\u0119pnego dnia artysta poprowadzi dwa kursy mistrzowskie &#8211; najpierw na fortepianie historycznym, nast\u0119pnie na instrumencie wsp\u00f3\u0142czesnym.\u00a0 Wezm\u0105 w nich udzia\u0142 uczniowie szk\u00f3\u0142 muzycznych, m\u0142odzi piani\u015bci przygotowuj\u0105cy si\u0119 do mi\u0119dzynarodowych konkurs\u00f3w chopinowskich.<\/p>","protected":false},"excerpt":{"rendered":"<p>Krzysztof Ksi\u0105\u017cek jako wybitny polski pianista, p\u00f3\u0142finalista i laureat dw\u00f3ch nagr\u00f3d pozaregulaminowych w XVII Mi\u0119dzynarodowym Konkursie im. Fryderyka Chopina w Warszawie\u00a0ju\u017c dzi\u015b inauguruje wyj\u0105tkowy projekt w Estonii. W\u00a0Esto\u0144skim Muzeum Wojny-Muzeum Genera\u0142a Laidonera w Viimsi o godz. 16:00 artysta zagra recital chopinowski na\u00a0fortepianie Becker. W koncercie uczestniczy\u0107 b\u0119d\u0105\u00a0Pierwsza Dama Republiki Estonii, Pani Sirje Karis, dyrektorzy instytut\u00f3w [&hellip;]<\/p>\n","protected":false},"author":2,"featured_media":0,"comment_status":"open","ping_status":"open","sticky":false,"template":"","format":"standard","meta":{"footnotes":""},"categories":[1],"tags":[],"class_list":["post-1439","post","type-post","status-publish","format-standard","hentry","category-bez-kategorii"],"_links":{"self":[{"href":"https:\/\/beethoven.org.pl\/impresariat\/wp-json\/wp\/v2\/posts\/1439","targetHints":{"allow":["GET"]}}],"collection":[{"href":"https:\/\/beethoven.org.pl\/impresariat\/wp-json\/wp\/v2\/posts"}],"about":[{"href":"https:\/\/beethoven.org.pl\/impresariat\/wp-json\/wp\/v2\/types\/post"}],"author":[{"embeddable":true,"href":"https:\/\/beethoven.org.pl\/impresariat\/wp-json\/wp\/v2\/users\/2"}],"replies":[{"embeddable":true,"href":"https:\/\/beethoven.org.pl\/impresariat\/wp-json\/wp\/v2\/comments?post=1439"}],"version-history":[{"count":1,"href":"https:\/\/beethoven.org.pl\/impresariat\/wp-json\/wp\/v2\/posts\/1439\/revisions"}],"predecessor-version":[{"id":1442,"href":"https:\/\/beethoven.org.pl\/impresariat\/wp-json\/wp\/v2\/posts\/1439\/revisions\/1442"}],"wp:attachment":[{"href":"https:\/\/beethoven.org.pl\/impresariat\/wp-json\/wp\/v2\/media?parent=1439"}],"wp:term":[{"taxonomy":"category","embeddable":true,"href":"https:\/\/beethoven.org.pl\/impresariat\/wp-json\/wp\/v2\/categories?post=1439"},{"taxonomy":"post_tag","embeddable":true,"href":"https:\/\/beethoven.org.pl\/impresariat\/wp-json\/wp\/v2\/tags?post=1439"}],"curies":[{"name":"wp","href":"https:\/\/api.w.org\/{rel}","templated":true}]}}