{"id":1437,"date":"2022-12-06T12:24:42","date_gmt":"2022-12-06T11:24:42","guid":{"rendered":"http:\/\/beethoven.org.pl\/impresariat\/?p=1437"},"modified":"2022-12-06T12:25:22","modified_gmt":"2022-12-06T11:25:22","slug":"krzysztof-ksiazek-w-filharmonii-narodowej-2","status":"publish","type":"post","link":"https:\/\/beethoven.org.pl\/impresariat\/2022\/12\/06\/krzysztof-ksiazek-w-filharmonii-narodowej-2\/","title":{"rendered":"Krzysztof Ksi\u0105\u017cek w Filharmonii Narodowej"},"content":{"rendered":"<p>Zapraszamy na dzisiejszy recital Krzysztofa Ksi\u0105\u017cka w Filharmonii Narodowej. Muzyka Fryderyka Chopina i Franza Schuberta zabrzmi tym bardziej wyj\u0105tkowo, \u017ce zostanie wykonana na instrumencie historycznym.<\/p>\n<p>&nbsp;<\/p>\n<p>Wi\u0119cej informacji i bilety<\/p>\n<p>https:\/\/filharmonia.pl\/repertuar\/pp-f-2-recital-krzysztofa-ksiazka<\/p>\n<p>&nbsp;<\/p>\n<p>&nbsp;<\/p>\n<p>&nbsp;<\/p>","protected":false},"excerpt":{"rendered":"<p>Zapraszamy na dzisiejszy recital Krzysztofa Ksi\u0105\u017cka w Filharmonii Narodowej. Muzyka Fryderyka Chopina i Franza Schuberta zabrzmi tym bardziej wyj\u0105tkowo, \u017ce zostanie wykonana na instrumencie historycznym. &nbsp; Wi\u0119cej informacji i bilety https:\/\/filharmonia.pl\/repertuar\/pp-f-2-recital-krzysztofa-ksiazka &nbsp; &nbsp; &nbsp;<\/p>\n","protected":false},"author":2,"featured_media":0,"comment_status":"open","ping_status":"open","sticky":false,"template":"","format":"standard","meta":{"footnotes":""},"categories":[1],"tags":[],"class_list":["post-1437","post","type-post","status-publish","format-standard","hentry","category-bez-kategorii"],"_links":{"self":[{"href":"https:\/\/beethoven.org.pl\/impresariat\/wp-json\/wp\/v2\/posts\/1437","targetHints":{"allow":["GET"]}}],"collection":[{"href":"https:\/\/beethoven.org.pl\/impresariat\/wp-json\/wp\/v2\/posts"}],"about":[{"href":"https:\/\/beethoven.org.pl\/impresariat\/wp-json\/wp\/v2\/types\/post"}],"author":[{"embeddable":true,"href":"https:\/\/beethoven.org.pl\/impresariat\/wp-json\/wp\/v2\/users\/2"}],"replies":[{"embeddable":true,"href":"https:\/\/beethoven.org.pl\/impresariat\/wp-json\/wp\/v2\/comments?post=1437"}],"version-history":[{"count":1,"href":"https:\/\/beethoven.org.pl\/impresariat\/wp-json\/wp\/v2\/posts\/1437\/revisions"}],"predecessor-version":[{"id":1438,"href":"https:\/\/beethoven.org.pl\/impresariat\/wp-json\/wp\/v2\/posts\/1437\/revisions\/1438"}],"wp:attachment":[{"href":"https:\/\/beethoven.org.pl\/impresariat\/wp-json\/wp\/v2\/media?parent=1437"}],"wp:term":[{"taxonomy":"category","embeddable":true,"href":"https:\/\/beethoven.org.pl\/impresariat\/wp-json\/wp\/v2\/categories?post=1437"},{"taxonomy":"post_tag","embeddable":true,"href":"https:\/\/beethoven.org.pl\/impresariat\/wp-json\/wp\/v2\/tags?post=1437"}],"curies":[{"name":"wp","href":"https:\/\/api.w.org\/{rel}","templated":true}]}}