{"id":1432,"date":"2022-11-13T09:21:25","date_gmt":"2022-11-13T08:21:25","guid":{"rendered":"http:\/\/beethoven.org.pl\/impresariat\/?p=1432"},"modified":"2022-11-14T09:37:45","modified_gmt":"2022-11-14T08:37:45","slug":"maraton-z-chopinem-i-krzysztofem-ksiazkiem","status":"publish","type":"post","link":"https:\/\/beethoven.org.pl\/impresariat\/2022\/11\/13\/maraton-z-chopinem-i-krzysztofem-ksiazkiem\/","title":{"rendered":"Maraton z Chopinem i Krzysztofem Ksi\u0105\u017ckiem"},"content":{"rendered":"<p>Zapraszamy ju\u017c dzi\u015b na wyj\u0105tkowy projekt &#8211; Maraton Chopinowski.<\/p>\n<p>Od godziny 16:00 w Programie Drugim Polskiego Radia b\u0119dzie mo\u017cna s\u0142ucha\u0107 muzyki Fryderyka Chopina w wykonaniu wyj\u0105tkowych pianist\u00f3w w tym Krzysztofa Ksi\u0105\u017cka.<\/p>\n<p>Wi\u0119cej informacji i program<\/p>\n<p>https:\/\/chopin.polskieradio.pl\/artykul\/3068469<\/p>","protected":false},"excerpt":{"rendered":"<p>Zapraszamy ju\u017c dzi\u015b na wyj\u0105tkowy projekt &#8211; Maraton Chopinowski. Od godziny 16:00 w Programie Drugim Polskiego Radia b\u0119dzie mo\u017cna s\u0142ucha\u0107 muzyki Fryderyka Chopina w wykonaniu wyj\u0105tkowych pianist\u00f3w w tym Krzysztofa Ksi\u0105\u017cka. Wi\u0119cej informacji i program https:\/\/chopin.polskieradio.pl\/artykul\/3068469<\/p>\n","protected":false},"author":2,"featured_media":0,"comment_status":"open","ping_status":"open","sticky":false,"template":"","format":"standard","meta":{"footnotes":""},"categories":[1],"tags":[],"class_list":["post-1432","post","type-post","status-publish","format-standard","hentry","category-bez-kategorii"],"_links":{"self":[{"href":"https:\/\/beethoven.org.pl\/impresariat\/wp-json\/wp\/v2\/posts\/1432","targetHints":{"allow":["GET"]}}],"collection":[{"href":"https:\/\/beethoven.org.pl\/impresariat\/wp-json\/wp\/v2\/posts"}],"about":[{"href":"https:\/\/beethoven.org.pl\/impresariat\/wp-json\/wp\/v2\/types\/post"}],"author":[{"embeddable":true,"href":"https:\/\/beethoven.org.pl\/impresariat\/wp-json\/wp\/v2\/users\/2"}],"replies":[{"embeddable":true,"href":"https:\/\/beethoven.org.pl\/impresariat\/wp-json\/wp\/v2\/comments?post=1432"}],"version-history":[{"count":1,"href":"https:\/\/beethoven.org.pl\/impresariat\/wp-json\/wp\/v2\/posts\/1432\/revisions"}],"predecessor-version":[{"id":1434,"href":"https:\/\/beethoven.org.pl\/impresariat\/wp-json\/wp\/v2\/posts\/1432\/revisions\/1434"}],"wp:attachment":[{"href":"https:\/\/beethoven.org.pl\/impresariat\/wp-json\/wp\/v2\/media?parent=1432"}],"wp:term":[{"taxonomy":"category","embeddable":true,"href":"https:\/\/beethoven.org.pl\/impresariat\/wp-json\/wp\/v2\/categories?post=1432"},{"taxonomy":"post_tag","embeddable":true,"href":"https:\/\/beethoven.org.pl\/impresariat\/wp-json\/wp\/v2\/tags?post=1432"}],"curies":[{"name":"wp","href":"https:\/\/api.w.org\/{rel}","templated":true}]}}