{"id":1428,"date":"2022-10-25T13:48:15","date_gmt":"2022-10-25T11:48:15","guid":{"rendered":"http:\/\/beethoven.org.pl\/impresariat\/?p=1428"},"modified":"2022-11-03T13:48:40","modified_gmt":"2022-11-03T12:48:40","slug":"lukasz-krupinski-w-katedrze-w-exeter","status":"publish","type":"post","link":"https:\/\/beethoven.org.pl\/impresariat\/2022\/10\/25\/lukasz-krupinski-w-katedrze-w-exeter\/","title":{"rendered":"\u0141ukasz Krupi\u0144ski w Katedrze w Exeter"},"content":{"rendered":"<p>W najbli\u017csz\u0105 sobot\u0119 zapraszamy na wyj\u0105tkowy koncert \u0141ukasza Krupi\u0144skiego. Pianista wyst\u0105pi w Katedrze Exeter prezentuj\u0105c swoj\u0105 interpretacj\u0119 koncertu fortepianowego Schumanna.<\/p>\n<p>&nbsp;<\/p>\n<p>Wi\u0119cej informacji:<\/p>\n<p>https:\/\/www.ticketsource.co.uk\/whats-on\/exeter\/exeter-cathedral\/2022-exeter-cathedral-concert-featuring-the-renowned-polish-pianist-lucas-krupinski\/e-kvkdej<\/p>","protected":false},"excerpt":{"rendered":"<p>W najbli\u017csz\u0105 sobot\u0119 zapraszamy na wyj\u0105tkowy koncert \u0141ukasza Krupi\u0144skiego. Pianista wyst\u0105pi w Katedrze Exeter prezentuj\u0105c swoj\u0105 interpretacj\u0119 koncertu fortepianowego Schumanna. &nbsp; Wi\u0119cej informacji: https:\/\/www.ticketsource.co.uk\/whats-on\/exeter\/exeter-cathedral\/2022-exeter-cathedral-concert-featuring-the-renowned-polish-pianist-lucas-krupinski\/e-kvkdej<\/p>\n","protected":false},"author":2,"featured_media":0,"comment_status":"open","ping_status":"open","sticky":false,"template":"","format":"standard","meta":{"footnotes":""},"categories":[1],"tags":[],"class_list":["post-1428","post","type-post","status-publish","format-standard","hentry","category-bez-kategorii"],"_links":{"self":[{"href":"https:\/\/beethoven.org.pl\/impresariat\/wp-json\/wp\/v2\/posts\/1428","targetHints":{"allow":["GET"]}}],"collection":[{"href":"https:\/\/beethoven.org.pl\/impresariat\/wp-json\/wp\/v2\/posts"}],"about":[{"href":"https:\/\/beethoven.org.pl\/impresariat\/wp-json\/wp\/v2\/types\/post"}],"author":[{"embeddable":true,"href":"https:\/\/beethoven.org.pl\/impresariat\/wp-json\/wp\/v2\/users\/2"}],"replies":[{"embeddable":true,"href":"https:\/\/beethoven.org.pl\/impresariat\/wp-json\/wp\/v2\/comments?post=1428"}],"version-history":[{"count":1,"href":"https:\/\/beethoven.org.pl\/impresariat\/wp-json\/wp\/v2\/posts\/1428\/revisions"}],"predecessor-version":[{"id":1430,"href":"https:\/\/beethoven.org.pl\/impresariat\/wp-json\/wp\/v2\/posts\/1428\/revisions\/1430"}],"wp:attachment":[{"href":"https:\/\/beethoven.org.pl\/impresariat\/wp-json\/wp\/v2\/media?parent=1428"}],"wp:term":[{"taxonomy":"category","embeddable":true,"href":"https:\/\/beethoven.org.pl\/impresariat\/wp-json\/wp\/v2\/categories?post=1428"},{"taxonomy":"post_tag","embeddable":true,"href":"https:\/\/beethoven.org.pl\/impresariat\/wp-json\/wp\/v2\/tags?post=1428"}],"curies":[{"name":"wp","href":"https:\/\/api.w.org\/{rel}","templated":true}]}}