{"id":1424,"date":"2022-10-24T13:16:13","date_gmt":"2022-10-24T11:16:13","guid":{"rendered":"http:\/\/beethoven.org.pl\/impresariat\/?p=1424"},"modified":"2022-10-26T13:17:54","modified_gmt":"2022-10-26T11:17:54","slug":"w-najblizsza-srode-krzysztof-ksiazek-w-szczenie","status":"publish","type":"post","link":"https:\/\/beethoven.org.pl\/impresariat\/2022\/10\/24\/w-najblizsza-srode-krzysztof-ksiazek-w-szczenie\/","title":{"rendered":"W najbli\u017csz\u0105 \u015brod\u0119 Krzysztof Ksi\u0105\u017cek w Szczenie"},"content":{"rendered":"<p>Zapraszamy w najbli\u017csz\u0105 \u015brod\u0119 do Filharmonii Szczeci\u0144skiej na koncert Krzysztofa Ksi\u0105\u017cka. W programie\u00a0Wariacje na temat Paganiniego\u00a0Rafa\u0142a Augustyna, 24 kaprysy op. 1 (wyb\u00f3r)\u00a0Niccol\u00f2 Paganiniego,\u00a0Grandes \u00e9tudes de Paganini nr 4, 5, 6\u00a0Franza Liszta,\u00a03 Kaprysy Paganiniego op. 40\u00a0Karola Szymanowskiego.<\/p>\n<p>&nbsp;<\/p>\n<p>Informacje i bilety<\/p>\n<p>https:\/\/filharmonia.szczecin.pl\/wydarzenia\/1820-PAGANINI_I_LISZT_I_AUGUSTYN<\/p>","protected":false},"excerpt":{"rendered":"<p>Zapraszamy w najbli\u017csz\u0105 \u015brod\u0119 do Filharmonii Szczeci\u0144skiej na koncert Krzysztofa Ksi\u0105\u017cka. W programie\u00a0Wariacje na temat Paganiniego\u00a0Rafa\u0142a Augustyna, 24 kaprysy op. 1 (wyb\u00f3r)\u00a0Niccol\u00f2 Paganiniego,\u00a0Grandes \u00e9tudes de Paganini nr 4, 5, 6\u00a0Franza Liszta,\u00a03 Kaprysy Paganiniego op. 40\u00a0Karola Szymanowskiego. &nbsp; Informacje i bilety https:\/\/filharmonia.szczecin.pl\/wydarzenia\/1820-PAGANINI_I_LISZT_I_AUGUSTYN<\/p>\n","protected":false},"author":2,"featured_media":0,"comment_status":"open","ping_status":"open","sticky":false,"template":"","format":"standard","meta":{"footnotes":""},"categories":[1],"tags":[],"class_list":["post-1424","post","type-post","status-publish","format-standard","hentry","category-bez-kategorii"],"_links":{"self":[{"href":"https:\/\/beethoven.org.pl\/impresariat\/wp-json\/wp\/v2\/posts\/1424","targetHints":{"allow":["GET"]}}],"collection":[{"href":"https:\/\/beethoven.org.pl\/impresariat\/wp-json\/wp\/v2\/posts"}],"about":[{"href":"https:\/\/beethoven.org.pl\/impresariat\/wp-json\/wp\/v2\/types\/post"}],"author":[{"embeddable":true,"href":"https:\/\/beethoven.org.pl\/impresariat\/wp-json\/wp\/v2\/users\/2"}],"replies":[{"embeddable":true,"href":"https:\/\/beethoven.org.pl\/impresariat\/wp-json\/wp\/v2\/comments?post=1424"}],"version-history":[{"count":1,"href":"https:\/\/beethoven.org.pl\/impresariat\/wp-json\/wp\/v2\/posts\/1424\/revisions"}],"predecessor-version":[{"id":1426,"href":"https:\/\/beethoven.org.pl\/impresariat\/wp-json\/wp\/v2\/posts\/1424\/revisions\/1426"}],"wp:attachment":[{"href":"https:\/\/beethoven.org.pl\/impresariat\/wp-json\/wp\/v2\/media?parent=1424"}],"wp:term":[{"taxonomy":"category","embeddable":true,"href":"https:\/\/beethoven.org.pl\/impresariat\/wp-json\/wp\/v2\/categories?post=1424"},{"taxonomy":"post_tag","embeddable":true,"href":"https:\/\/beethoven.org.pl\/impresariat\/wp-json\/wp\/v2\/tags?post=1424"}],"curies":[{"name":"wp","href":"https:\/\/api.w.org\/{rel}","templated":true}]}}