{"id":1414,"date":"2022-10-18T10:46:31","date_gmt":"2022-10-18T08:46:31","guid":{"rendered":"http:\/\/beethoven.org.pl\/impresariat\/?p=1414"},"modified":"2022-10-21T10:15:57","modified_gmt":"2022-10-21T08:15:57","slug":"ksiazek-piano-duo-nominowane-do-ksiazek-piano-duo-nominowane-do-koryfeuszy-muzyki-polskiej","status":"publish","type":"post","link":"https:\/\/beethoven.org.pl\/impresariat\/2022\/10\/18\/ksiazek-piano-duo-nominowane-do-ksiazek-piano-duo-nominowane-do-koryfeuszy-muzyki-polskiej\/","title":{"rendered":"Ksi\u0105\u017cek Piano Duo nominowane do Koryfeuszy Muzyki Polskiej"},"content":{"rendered":"<p>Ksi\u0105\u017cek Piano Duo\u00a0zosta\u0142o nominowane do nagrody polskiego \u015brodowiska muzycznego\u00a0Koryfeusz Muzyki Polskiej 2022\u00a0w kategorii\u00a0<em>Odkrycie roku. <\/em>Jury wyr\u00f3\u017cni\u0142o duet <em>za b\u0142yskotliwe interpretacje dzie\u0142 Lutos\u0142awskiego, Maciejewskiego i Elsnera oraz uznanie juror\u00f3w, krytyki i publiczno\u015bci na konkursach i koncertach w sezonie artystycznym 2021\/22. <\/em>Gratulujemy!<\/p>\n<p>&nbsp;<\/p>\n<p>Koryfeusze Muzyki Polskiej Nagroda zostan\u0105 przyznane w kategoriach: Osobowo\u015b\u0107 roku, Wydarzenie roku, Nagroda honorowa oraz Odkrycie roku.<\/p>\n<p>&nbsp;<\/p>\n<p>W kategorii Odkrycie roku nagrod\u0119 przyznaje publiczno\u015b\u0107. Gor\u0105co zach\u0119camy do oddawania g\u0142os\u00f3w na stronie\u00a0<a href=\"http:\/\/www.koryfeusz.org.pl\/\">www.koryfeusz.org.pl<\/a>\u00a0do 24 pa\u017adziernika do godz. 23.59.<\/p>\n<p>&nbsp;<\/p>\n<p>Laureaci w pozosta\u0142ych kategoriach zostan\u0105 wy\u0142onieni w drodze g\u0142osowania Kolegium Elektor\u00f3w. Nazwiska zwyci\u0119zc\u00f3w poznamy 13 listopada 2022 roku podczas uroczystej Gali w Filharmonii Narodowej.<\/p>","protected":false},"excerpt":{"rendered":"<p>Ksi\u0105\u017cek Piano Duo\u00a0zosta\u0142o nominowane do nagrody polskiego \u015brodowiska muzycznego\u00a0Koryfeusz Muzyki Polskiej 2022\u00a0w kategorii\u00a0Odkrycie roku. Jury wyr\u00f3\u017cni\u0142o duet za b\u0142yskotliwe interpretacje dzie\u0142 Lutos\u0142awskiego, Maciejewskiego i Elsnera oraz uznanie juror\u00f3w, krytyki i publiczno\u015bci na konkursach i koncertach w sezonie artystycznym 2021\/22. Gratulujemy! &nbsp; Koryfeusze Muzyki Polskiej Nagroda zostan\u0105 przyznane w kategoriach: Osobowo\u015b\u0107 roku, Wydarzenie roku, Nagroda honorowa [&hellip;]<\/p>\n","protected":false},"author":2,"featured_media":0,"comment_status":"open","ping_status":"open","sticky":false,"template":"","format":"standard","meta":{"footnotes":""},"categories":[1],"tags":[],"class_list":["post-1414","post","type-post","status-publish","format-standard","hentry","category-bez-kategorii"],"_links":{"self":[{"href":"https:\/\/beethoven.org.pl\/impresariat\/wp-json\/wp\/v2\/posts\/1414","targetHints":{"allow":["GET"]}}],"collection":[{"href":"https:\/\/beethoven.org.pl\/impresariat\/wp-json\/wp\/v2\/posts"}],"about":[{"href":"https:\/\/beethoven.org.pl\/impresariat\/wp-json\/wp\/v2\/types\/post"}],"author":[{"embeddable":true,"href":"https:\/\/beethoven.org.pl\/impresariat\/wp-json\/wp\/v2\/users\/2"}],"replies":[{"embeddable":true,"href":"https:\/\/beethoven.org.pl\/impresariat\/wp-json\/wp\/v2\/comments?post=1414"}],"version-history":[{"count":2,"href":"https:\/\/beethoven.org.pl\/impresariat\/wp-json\/wp\/v2\/posts\/1414\/revisions"}],"predecessor-version":[{"id":1421,"href":"https:\/\/beethoven.org.pl\/impresariat\/wp-json\/wp\/v2\/posts\/1414\/revisions\/1421"}],"wp:attachment":[{"href":"https:\/\/beethoven.org.pl\/impresariat\/wp-json\/wp\/v2\/media?parent=1414"}],"wp:term":[{"taxonomy":"category","embeddable":true,"href":"https:\/\/beethoven.org.pl\/impresariat\/wp-json\/wp\/v2\/categories?post=1414"},{"taxonomy":"post_tag","embeddable":true,"href":"https:\/\/beethoven.org.pl\/impresariat\/wp-json\/wp\/v2\/tags?post=1414"}],"curies":[{"name":"wp","href":"https:\/\/api.w.org\/{rel}","templated":true}]}}