{"id":1408,"date":"2022-09-26T11:11:56","date_gmt":"2022-09-26T09:11:56","guid":{"rendered":"http:\/\/beethoven.org.pl\/impresariat\/?p=1408"},"modified":"2022-09-26T11:17:32","modified_gmt":"2022-09-26T09:17:32","slug":"finalowy-koncert-festiwalu-ballady-i-romanse-juz-2-pazdziernika-w-kazimierzu","status":"publish","type":"post","link":"https:\/\/beethoven.org.pl\/impresariat\/2022\/09\/26\/finalowy-koncert-festiwalu-ballady-i-romanse-juz-2-pazdziernika-w-kazimierzu\/","title":{"rendered":"Fina\u0142owy koncert festiwalu &#8222;Ballady i romanse&#8221; ju\u017c 2 pa\u017adziernika w Kazimierzu Dolnym"},"content":{"rendered":"<p><strong>Ballady i romanse<\/strong>\u00a0\u2013 zbi\u00f3r\u00a0ballad\u00a0Adama Mickiewicza, wydany w 1822 w\u00a0Wilnie\u00a0uwa\u017cany jest za pocz\u0105tek rozwoju gatunku ballady w literaturze polskiej oraz za manifest\u00a0polskiego romantyzmu.<\/p>\n<p>Polemizuj\u0105c z racjonalizmem, charakterystycznym dla poprzedniej epoki o\u015bwiecenia, \u201eBallady i Romanse\u201d s\u0105 pe\u0142ne tajemniczo\u015bci i odniesie\u0144 do \u015bwiata nadprzyrodzonego; wizja rzeczywisto\u015bci ubarwiona jest motywami pozazmys\u0142owymi, a racjonalizmowi przeciwstawione s\u0105 postulaty wiary w poznanie pozaracjonalne i istnienie zjawisk niemo\u017cliwych do obj\u0119cia przez rozum\u2026.<\/p>\n<p>&nbsp;<\/p>\n<p>Epoka Romantyzmu to tak\u017ce wspania\u0142y okres w polskiej i \u015bwiatowej muzyce &#8211; To czas Fryderyka Chopina, Roberta Schumanna, Johannesa Brahmsa, Franza Schuberta, Ludwiga van Beethovena i wielu innych. Niekt\u00f3re z dzie\u0142 tych kompozytor\u00f3w, w wykonaniu laureat\u00f3w i uczestnik\u00f3w XVIII Mi\u0119dzynarodowego Konkursu im Fryderyka Chopina w Warszawie 2021, us\u0142yszymy podczas Festiwalu <strong>\u201eBallady i Romanse w Kazimierzu Dolnym\u201d.<\/strong><\/p>\n<p>Piani\u015bci zagraj\u0105 na zabytkowym fortepianie koncertowym z roku 1847, produkcji s\u0142ynnej firmy Steinway, instrumencie darowanym przez Ksi\u0119\u017cn\u0105 Irin\u0119 zu Sayn Wittgenstein oraz Seweryna Aszkenazego.<\/p>\n<p>Wybrane \u201eBallady i Romanse\u201d Adama Mickiewicza us\u0142yszymy w wykonaniu wybitnych aktor\u00f3w scen polskich.<\/p>\n<p>&nbsp;<\/p>\n<p>Zapraszamy na fina\u0142owy koncert ju\u017c 2 pa\u017adziernika<\/p>\n<p>Niedziela, 2 pa\u017adziernika 2022, godz. 16.00<\/p>\n<p>&nbsp;<\/p>\n<p>Johann Sebastian Bach:<\/p>\n<p>Preludium i Fuga C-dur, WTC I, BWV 846<\/p>\n<p>&nbsp;<\/p>\n<p>Fryderyk Chopin:<\/p>\n<p>Walc Nr 1, op. 34 As-dur<\/p>\n<p>Ballada As-dur op.47 nr 3<\/p>\n<p>&nbsp;<\/p>\n<p>Robert Schumann<\/p>\n<p>Etiudy Symfoniczne op. 13<\/p>\n<p>&nbsp;<\/p>\n<p>Mart\u00edn Garc\u00eda Garc\u00eda \u2013 zwyciezca III nagrody na XVIII Miedzynarodowym Festiwalu Chopinowskim im Fryderyka Chopina w Warszawie 2021<\/p>\n<p>***<\/p>\n<p>Adam Mickiewicz \u2013 Ballady i Romanse<\/p>\n<p>Recytacja: Grzegorz Dami\u0119cki<\/p>\n<p>Streaming na platformie Youtube.<\/p>\n<p>&nbsp;<\/p>\n<p><strong>Organizacja:\u00a0<\/strong>Stowarzyszenie im. Ludwiga van Beethovena oraz Kazimierski Osrodek Kultury, Promocji i Turystyki<\/p>\n<p>&nbsp;<\/p>\n<p>Wsp\u00f3\u0142praca: Gminny Zesp\u00f3\u0142 Szk\u00f3\u0142 w Kazimierzu Dolnym.<\/p>\n<p><u>\u00a0<\/u><\/p>\n<p><u>Patronat (wsp\u00f3\u0142praca): Narodowy Instytut Fryderyka Chopina<\/u><\/p>\n<p><u>\u00a0<\/u><\/p>\n<p>Dofinansowano\u00a0ze\u00a0\u015brodk\u00f3w Ministra\u00a0Kultury\u00a0i\u00a0Dziedzictwa\u00a0Narodowego\u00a0pochodz\u0105cych\u00a0z\u00a0Funduszu Promocji\u00a0Kultury\u00a0\u2013\u00a0pa\u0144stwowego\u00a0funduszu\u00a0celowego<\/p>\n<p><img loading=\"lazy\" decoding=\"async\" class=\"alignnone size-medium wp-image-2646\" src=\"http:\/\/beethoven.org.pl\/wp-content\/uploads\/2021\/11\/MKDiN-300x154.jpg\" alt=\"\" width=\"300\" height=\"154\" \/><\/p>\n<p>&nbsp;<\/p>","protected":false},"excerpt":{"rendered":"<p>Ballady i romanse\u00a0\u2013 zbi\u00f3r\u00a0ballad\u00a0Adama Mickiewicza, wydany w 1822 w\u00a0Wilnie\u00a0uwa\u017cany jest za pocz\u0105tek rozwoju gatunku ballady w literaturze polskiej oraz za manifest\u00a0polskiego romantyzmu. Polemizuj\u0105c z racjonalizmem, charakterystycznym dla poprzedniej epoki o\u015bwiecenia, \u201eBallady i Romanse\u201d s\u0105 pe\u0142ne tajemniczo\u015bci i odniesie\u0144 do \u015bwiata nadprzyrodzonego; wizja rzeczywisto\u015bci ubarwiona jest motywami pozazmys\u0142owymi, a racjonalizmowi przeciwstawione s\u0105 postulaty wiary w poznanie [&hellip;]<\/p>\n","protected":false},"author":2,"featured_media":0,"comment_status":"open","ping_status":"open","sticky":false,"template":"","format":"standard","meta":{"footnotes":""},"categories":[1],"tags":[],"class_list":["post-1408","post","type-post","status-publish","format-standard","hentry","category-bez-kategorii"],"_links":{"self":[{"href":"https:\/\/beethoven.org.pl\/impresariat\/wp-json\/wp\/v2\/posts\/1408","targetHints":{"allow":["GET"]}}],"collection":[{"href":"https:\/\/beethoven.org.pl\/impresariat\/wp-json\/wp\/v2\/posts"}],"about":[{"href":"https:\/\/beethoven.org.pl\/impresariat\/wp-json\/wp\/v2\/types\/post"}],"author":[{"embeddable":true,"href":"https:\/\/beethoven.org.pl\/impresariat\/wp-json\/wp\/v2\/users\/2"}],"replies":[{"embeddable":true,"href":"https:\/\/beethoven.org.pl\/impresariat\/wp-json\/wp\/v2\/comments?post=1408"}],"version-history":[{"count":2,"href":"https:\/\/beethoven.org.pl\/impresariat\/wp-json\/wp\/v2\/posts\/1408\/revisions"}],"predecessor-version":[{"id":1412,"href":"https:\/\/beethoven.org.pl\/impresariat\/wp-json\/wp\/v2\/posts\/1408\/revisions\/1412"}],"wp:attachment":[{"href":"https:\/\/beethoven.org.pl\/impresariat\/wp-json\/wp\/v2\/media?parent=1408"}],"wp:term":[{"taxonomy":"category","embeddable":true,"href":"https:\/\/beethoven.org.pl\/impresariat\/wp-json\/wp\/v2\/categories?post=1408"},{"taxonomy":"post_tag","embeddable":true,"href":"https:\/\/beethoven.org.pl\/impresariat\/wp-json\/wp\/v2\/tags?post=1408"}],"curies":[{"name":"wp","href":"https:\/\/api.w.org\/{rel}","templated":true}]}}