{"id":1405,"date":"2022-09-23T14:04:21","date_gmt":"2022-09-23T12:04:21","guid":{"rendered":"http:\/\/beethoven.org.pl\/impresariat\/?p=1405"},"modified":"2022-09-23T14:04:21","modified_gmt":"2022-09-23T12:04:21","slug":"zapraszamy-na-recital-aleksandry-kuls-i-justyny-danczowskiej","status":"publish","type":"post","link":"https:\/\/beethoven.org.pl\/impresariat\/2022\/09\/23\/zapraszamy-na-recital-aleksandry-kuls-i-justyny-danczowskiej\/","title":{"rendered":"Zapraszamy na recital Aleksandry Kuls i Justyny Danczowskiej"},"content":{"rendered":"<p>Ju\u017c w najbli\u017csz\u0105 niedziel\u0119 zapraszamy na recital skrzypcowy Aleksandry Kuls i Justyny Danczowskiej. Na scenie Filharmonii Krakowskiej zabrzmi\u0105 utwory Aleksandra Zarzyckiego, Ludwiga van Beethovena, Karola Szymanowskiego, Franza Schuberta i Henryka Wieniawskiego.<\/p>\n<p>Wi\u0119cej informacji i bilety\u00a0 <a href=\"https:\/\/filharmoniakrakow.pl\/public\/repertuar\/recital-skrzypcowy\">tutaj<\/a><\/p>\n<p>&nbsp;<\/p>\n<p>Zapraszamy!<\/p>","protected":false},"excerpt":{"rendered":"<p>Ju\u017c w najbli\u017csz\u0105 niedziel\u0119 zapraszamy na recital skrzypcowy Aleksandry Kuls i Justyny Danczowskiej. Na scenie Filharmonii Krakowskiej zabrzmi\u0105 utwory Aleksandra Zarzyckiego, Ludwiga van Beethovena, Karola Szymanowskiego, Franza Schuberta i Henryka Wieniawskiego. Wi\u0119cej informacji i bilety\u00a0 tutaj &nbsp; Zapraszamy!<\/p>\n","protected":false},"author":2,"featured_media":0,"comment_status":"open","ping_status":"open","sticky":false,"template":"","format":"standard","meta":{"footnotes":""},"categories":[1],"tags":[],"class_list":["post-1405","post","type-post","status-publish","format-standard","hentry","category-bez-kategorii"],"_links":{"self":[{"href":"https:\/\/beethoven.org.pl\/impresariat\/wp-json\/wp\/v2\/posts\/1405","targetHints":{"allow":["GET"]}}],"collection":[{"href":"https:\/\/beethoven.org.pl\/impresariat\/wp-json\/wp\/v2\/posts"}],"about":[{"href":"https:\/\/beethoven.org.pl\/impresariat\/wp-json\/wp\/v2\/types\/post"}],"author":[{"embeddable":true,"href":"https:\/\/beethoven.org.pl\/impresariat\/wp-json\/wp\/v2\/users\/2"}],"replies":[{"embeddable":true,"href":"https:\/\/beethoven.org.pl\/impresariat\/wp-json\/wp\/v2\/comments?post=1405"}],"version-history":[{"count":1,"href":"https:\/\/beethoven.org.pl\/impresariat\/wp-json\/wp\/v2\/posts\/1405\/revisions"}],"predecessor-version":[{"id":1407,"href":"https:\/\/beethoven.org.pl\/impresariat\/wp-json\/wp\/v2\/posts\/1405\/revisions\/1407"}],"wp:attachment":[{"href":"https:\/\/beethoven.org.pl\/impresariat\/wp-json\/wp\/v2\/media?parent=1405"}],"wp:term":[{"taxonomy":"category","embeddable":true,"href":"https:\/\/beethoven.org.pl\/impresariat\/wp-json\/wp\/v2\/categories?post=1405"},{"taxonomy":"post_tag","embeddable":true,"href":"https:\/\/beethoven.org.pl\/impresariat\/wp-json\/wp\/v2\/tags?post=1405"}],"curies":[{"name":"wp","href":"https:\/\/api.w.org\/{rel}","templated":true}]}}