{"id":1402,"date":"2022-08-30T13:59:43","date_gmt":"2022-08-30T11:59:43","guid":{"rendered":"http:\/\/beethoven.org.pl\/impresariat\/?p=1402"},"modified":"2022-09-23T14:05:14","modified_gmt":"2022-09-23T12:05:14","slug":"piano-duo-na-4-rece-w-roku-romantyzmu","status":"publish","type":"post","link":"https:\/\/beethoven.org.pl\/impresariat\/2022\/08\/30\/piano-duo-na-4-rece-w-roku-romantyzmu\/","title":{"rendered":"Piano Duo na 4 r\u0119ce w Roku Romantyzmu"},"content":{"rendered":"<p>Ju\u017c 2 wrze\u015bnnia zapraszamy do Starachowic na wyj\u0105tkowy koncert Ksi\u0105\u017cek Piano Duo &#8211; fortepian na 4 r\u0119ce. W wykonaniu tego wyj\u0105tkowego duetu us\u0142yszymy m.in. kompozycje Chopina Dobrzy\u0144skiego,\u00a0 Mozarta i Schuberta. Nie zabraknie tak\u017ce s\u0142owa m\u00f3wionego &#8211; fragmenty &#8222;Ballad i romans\u00f3w&#8221; przeczyta S\u0142awomir Holland.<\/p>\n<p>Koncert organizowany jest we wsp\u00f3\u0142pracy z miastem Starachowice<\/p>\n<p class=\"alignnone\"><img loading=\"lazy\" decoding=\"async\" class=\"alignnone size-medium wp-image-3074\" src=\"http:\/\/beethoven.org.pl\/wp-content\/uploads\/2022\/08\/Starachowice_herb-260x300.png\" alt=\"\" width=\"260\" height=\"300\" \/><\/p>\n<p>&nbsp;<\/p>\n<p><img loading=\"lazy\" decoding=\"async\" class=\"alignnone size-medium wp-image-3083\" src=\"http:\/\/beethoven.org.pl\/wp-content\/uploads\/2022\/08\/Jerzy-Kosi\u0144ski.-2-300x200.jpg\" alt=\"\" width=\"300\" height=\"200\" \/><\/p>\n<p>fot. Jerzy Kosi\u0144ski<\/p>","protected":false},"excerpt":{"rendered":"<p>Ju\u017c 2 wrze\u015bnnia zapraszamy do Starachowic na wyj\u0105tkowy koncert Ksi\u0105\u017cek Piano Duo &#8211; fortepian na 4 r\u0119ce. W wykonaniu tego wyj\u0105tkowego duetu us\u0142yszymy m.in. kompozycje Chopina Dobrzy\u0144skiego,\u00a0 Mozarta i Schuberta. Nie zabraknie tak\u017ce s\u0142owa m\u00f3wionego &#8211; fragmenty &#8222;Ballad i romans\u00f3w&#8221; przeczyta S\u0142awomir Holland. Koncert organizowany jest we wsp\u00f3\u0142pracy z miastem Starachowice &nbsp; fot. Jerzy Kosi\u0144ski<\/p>\n","protected":false},"author":2,"featured_media":0,"comment_status":"open","ping_status":"open","sticky":false,"template":"","format":"standard","meta":{"footnotes":""},"categories":[1],"tags":[],"class_list":["post-1402","post","type-post","status-publish","format-standard","hentry","category-bez-kategorii"],"_links":{"self":[{"href":"https:\/\/beethoven.org.pl\/impresariat\/wp-json\/wp\/v2\/posts\/1402","targetHints":{"allow":["GET"]}}],"collection":[{"href":"https:\/\/beethoven.org.pl\/impresariat\/wp-json\/wp\/v2\/posts"}],"about":[{"href":"https:\/\/beethoven.org.pl\/impresariat\/wp-json\/wp\/v2\/types\/post"}],"author":[{"embeddable":true,"href":"https:\/\/beethoven.org.pl\/impresariat\/wp-json\/wp\/v2\/users\/2"}],"replies":[{"embeddable":true,"href":"https:\/\/beethoven.org.pl\/impresariat\/wp-json\/wp\/v2\/comments?post=1402"}],"version-history":[{"count":1,"href":"https:\/\/beethoven.org.pl\/impresariat\/wp-json\/wp\/v2\/posts\/1402\/revisions"}],"predecessor-version":[{"id":1404,"href":"https:\/\/beethoven.org.pl\/impresariat\/wp-json\/wp\/v2\/posts\/1402\/revisions\/1404"}],"wp:attachment":[{"href":"https:\/\/beethoven.org.pl\/impresariat\/wp-json\/wp\/v2\/media?parent=1402"}],"wp:term":[{"taxonomy":"category","embeddable":true,"href":"https:\/\/beethoven.org.pl\/impresariat\/wp-json\/wp\/v2\/categories?post=1402"},{"taxonomy":"post_tag","embeddable":true,"href":"https:\/\/beethoven.org.pl\/impresariat\/wp-json\/wp\/v2\/tags?post=1402"}],"curies":[{"name":"wp","href":"https:\/\/api.w.org\/{rel}","templated":true}]}}