{"id":1395,"date":"2022-08-10T17:16:10","date_gmt":"2022-08-10T15:16:10","guid":{"rendered":"http:\/\/beethoven.org.pl\/impresariat\/?p=1395"},"modified":"2022-08-18T17:31:26","modified_gmt":"2022-08-18T15:31:26","slug":"chopin-i-jego-europa-z-aleksandra-swigut","status":"publish","type":"post","link":"https:\/\/beethoven.org.pl\/impresariat\/2022\/08\/10\/chopin-i-jego-europa-z-aleksandra-swigut\/","title":{"rendered":"Chopin i jego Europa z Aleksandr\u0105 \u015awigut"},"content":{"rendered":"<p><\/p>\n<div class=\"m8h3af8h l7ghb35v kjdc1dyq kmwttqpk gh25dzvf n3t5jt4f\">\n<div dir=\"auto\">Aleksandra \u015awigut wyst\u0105pi ju\u017c 18 sierpnia w ramach festiwalu Chopin i jego Europa. Pianistka zagra na fortepianie historycznym wraz z Lorenzo Coppol\u0105 (klarnet historyczny) oraz\u00a0<span class=\"rse6dlih\">{oh!} Orkiestr\u0105 Historyczn\u0105. W programie koncertu kompozycje W.A. Mozarta i F. Chopina.<\/span><\/div>\n<\/div>\n<div dir=\"auto\"><\/div>\n<div dir=\"auto\">Zapraszamy<\/div>\n<div class=\"m8h3af8h l7ghb35v kjdc1dyq kmwttqpk gh25dzvf n3t5jt4f\">\n<div dir=\"auto\"><\/div>\n<\/div>\n<div class=\"l7ghb35v kjdc1dyq kmwttqpk gh25dzvf jikcssrz n3t5jt4f\">\n<div dir=\"auto\"><\/div>\n<\/div>\n<p><\/p>","protected":false},"excerpt":{"rendered":"<p>Aleksandra \u015awigut wyst\u0105pi ju\u017c 18 sierpnia w ramach festiwalu Chopin i jego Europa. Pianistka zagra na fortepianie historycznym wraz z Lorenzo Coppol\u0105 (klarnet historyczny) oraz\u00a0{oh!} Orkiestr\u0105 Historyczn\u0105. W programie koncertu kompozycje W.A. Mozarta i F. Chopina. Zapraszamy<\/p>\n","protected":false},"author":2,"featured_media":0,"comment_status":"open","ping_status":"open","sticky":false,"template":"","format":"standard","meta":{"footnotes":""},"categories":[1],"tags":[],"class_list":["post-1395","post","type-post","status-publish","format-standard","hentry","category-bez-kategorii"],"_links":{"self":[{"href":"https:\/\/beethoven.org.pl\/impresariat\/wp-json\/wp\/v2\/posts\/1395","targetHints":{"allow":["GET"]}}],"collection":[{"href":"https:\/\/beethoven.org.pl\/impresariat\/wp-json\/wp\/v2\/posts"}],"about":[{"href":"https:\/\/beethoven.org.pl\/impresariat\/wp-json\/wp\/v2\/types\/post"}],"author":[{"embeddable":true,"href":"https:\/\/beethoven.org.pl\/impresariat\/wp-json\/wp\/v2\/users\/2"}],"replies":[{"embeddable":true,"href":"https:\/\/beethoven.org.pl\/impresariat\/wp-json\/wp\/v2\/comments?post=1395"}],"version-history":[{"count":1,"href":"https:\/\/beethoven.org.pl\/impresariat\/wp-json\/wp\/v2\/posts\/1395\/revisions"}],"predecessor-version":[{"id":1396,"href":"https:\/\/beethoven.org.pl\/impresariat\/wp-json\/wp\/v2\/posts\/1395\/revisions\/1396"}],"wp:attachment":[{"href":"https:\/\/beethoven.org.pl\/impresariat\/wp-json\/wp\/v2\/media?parent=1395"}],"wp:term":[{"taxonomy":"category","embeddable":true,"href":"https:\/\/beethoven.org.pl\/impresariat\/wp-json\/wp\/v2\/categories?post=1395"},{"taxonomy":"post_tag","embeddable":true,"href":"https:\/\/beethoven.org.pl\/impresariat\/wp-json\/wp\/v2\/tags?post=1395"}],"curies":[{"name":"wp","href":"https:\/\/api.w.org\/{rel}","templated":true}]}}