{"id":1380,"date":"2022-06-10T12:06:16","date_gmt":"2022-06-10T10:06:16","guid":{"rendered":"http:\/\/beethoven.org.pl\/impresariat\/?p=1380"},"modified":"2022-06-14T12:15:59","modified_gmt":"2022-06-14T10:15:59","slug":"lukasz-krupinski-z-kwartetem-slaskim-w-nospr","status":"publish","type":"post","link":"https:\/\/beethoven.org.pl\/impresariat\/2022\/06\/10\/lukasz-krupinski-z-kwartetem-slaskim-w-nospr\/","title":{"rendered":"\u0141ukasz Krupi\u0144ski z Kwartetem \u015al\u0105skim w NOSPR"},"content":{"rendered":"<p>\u0141ukasz Krupi\u0144ski ju\u017c 11 czerwca wyst\u0105pi wraz Kwartetem \u015al\u0105skim. Towarzyszy\u0107 im b\u0119d\u0105 r\u00f3wnie\u017c Joanna Freszel i\u00a0El\u017cbieta Mro\u017cek-Loska. W programie koncertu\u00a0IV Koncert fortepianowy G-dur op. 58 Ludwiga van Beethovena a tak\u017ce\u00a0Audycja VI na sopran i kwartet smyczkowy Andrzeja Krzanowskiego. Koncert odb\u0119dzie si\u0119 w Sali Kameralnej siedziby Narodowej Orkiestry Polskiego Radia w Katowicach.<\/p>\n<p>&nbsp;<\/p>\n<p>Serdecznie zapraszamy<\/p>","protected":false},"excerpt":{"rendered":"<p>\u0141ukasz Krupi\u0144ski ju\u017c 11 czerwca wyst\u0105pi wraz Kwartetem \u015al\u0105skim. Towarzyszy\u0107 im b\u0119d\u0105 r\u00f3wnie\u017c Joanna Freszel i\u00a0El\u017cbieta Mro\u017cek-Loska. W programie koncertu\u00a0IV Koncert fortepianowy G-dur op. 58 Ludwiga van Beethovena a tak\u017ce\u00a0Audycja VI na sopran i kwartet smyczkowy Andrzeja Krzanowskiego. Koncert odb\u0119dzie si\u0119 w Sali Kameralnej siedziby Narodowej Orkiestry Polskiego Radia w Katowicach. &nbsp; Serdecznie zapraszamy<\/p>\n","protected":false},"author":2,"featured_media":0,"comment_status":"open","ping_status":"open","sticky":false,"template":"","format":"standard","meta":{"footnotes":""},"categories":[1],"tags":[],"class_list":["post-1380","post","type-post","status-publish","format-standard","hentry","category-bez-kategorii"],"_links":{"self":[{"href":"https:\/\/beethoven.org.pl\/impresariat\/wp-json\/wp\/v2\/posts\/1380","targetHints":{"allow":["GET"]}}],"collection":[{"href":"https:\/\/beethoven.org.pl\/impresariat\/wp-json\/wp\/v2\/posts"}],"about":[{"href":"https:\/\/beethoven.org.pl\/impresariat\/wp-json\/wp\/v2\/types\/post"}],"author":[{"embeddable":true,"href":"https:\/\/beethoven.org.pl\/impresariat\/wp-json\/wp\/v2\/users\/2"}],"replies":[{"embeddable":true,"href":"https:\/\/beethoven.org.pl\/impresariat\/wp-json\/wp\/v2\/comments?post=1380"}],"version-history":[{"count":1,"href":"https:\/\/beethoven.org.pl\/impresariat\/wp-json\/wp\/v2\/posts\/1380\/revisions"}],"predecessor-version":[{"id":1381,"href":"https:\/\/beethoven.org.pl\/impresariat\/wp-json\/wp\/v2\/posts\/1380\/revisions\/1381"}],"wp:attachment":[{"href":"https:\/\/beethoven.org.pl\/impresariat\/wp-json\/wp\/v2\/media?parent=1380"}],"wp:term":[{"taxonomy":"category","embeddable":true,"href":"https:\/\/beethoven.org.pl\/impresariat\/wp-json\/wp\/v2\/categories?post=1380"},{"taxonomy":"post_tag","embeddable":true,"href":"https:\/\/beethoven.org.pl\/impresariat\/wp-json\/wp\/v2\/tags?post=1380"}],"curies":[{"name":"wp","href":"https:\/\/api.w.org\/{rel}","templated":true}]}}