{"id":1332,"date":"2021-10-14T12:50:32","date_gmt":"2021-10-14T10:50:32","guid":{"rendered":"http:\/\/beethoven.org.pl\/impresariat\/?p=1332"},"modified":"2021-10-15T12:50:57","modified_gmt":"2021-10-15T10:50:57","slug":"jakub-kuszlik-w-polfinale-konkursu-chopinowskiego","status":"publish","type":"post","link":"https:\/\/beethoven.org.pl\/impresariat\/2021\/10\/14\/jakub-kuszlik-w-polfinale-konkursu-chopinowskiego\/","title":{"rendered":"Jakub Kuszlik w p\u00f3\u0142finale Konkursu Chopinowskiego"},"content":{"rendered":"<p>W najbli\u017csz\u0105 sobot\u0119 (16.10) o godz. 17:00 zapraszamy na wyst\u0119p Jakuba Kuszlika w III etapie Konkursu Chopinowskiego. W programie wyst\u0119pu<\/p>\n<p>&#8211;\u00a0Fantazja f-moll op. 49<\/p>\n<p>&#8211;\u00a0Mazurek c-moll op. 30 nr 1<\/p>\n<p>&#8211;\u00a0Mazurek h-moll op. 30 nr 2<\/p>\n<p>&#8211;\u00a0Mazurek Des-dur op. 30 nr 3<\/p>\n<p>&#8211;\u00a0Mazurek cis-moll op. 30 nr 4<\/p>\n<p>&#8211;\u00a0Sonata h-moll op. 58<\/p>\n<p>Zapraszamy serdecznie do wys\u0142uchania wyst\u0119pu na kanale Youtube Konkursu<\/p>\n<p>&nbsp;<\/p>\n<p>Urodzony 23 grudnia 1996 r. Obecnie kszta\u0142ci si\u0119 pod kierunkiem Katarzyny Popowej-Zydro\u0144 w Akademii Muzycznej im. Feliksa Nowowiejskiego w Bydgoszczy. Jest laureatem II nagrody na Mi\u0119dzynarodowym Konkursie im. Ignacego Jana Paderewskiego w Bydgoszczy i na Mi\u0119dzynarodowym Konkursie Pianistycznym w Hilton Head oraz III nagrody na Mi\u0119dzynarodowym Konkursie \u201eTop of the World\u201d w Tromso. W 2017 r. wyst\u0105pi\u0142 z recitalem chopinowskim w Studiu Koncertowym Polskiego Radia w Warszawie. Rok p\u00f3\u017aniej, wraz z orkiestr\u0105 Filharmonii Narodowej wykona\u0142 Koncert fortepianowy a-moll op. 17 Paderewskiego. Wyst\u0119powa\u0142 tak\u017ce w licznych krajach europejskich, m.in. w Niemczech, Norwegii i na Islandii, a tak\u017ce w Japonii i USA.<\/p>\n<p>&nbsp;<\/p>","protected":false},"excerpt":{"rendered":"<p>W najbli\u017csz\u0105 sobot\u0119 (16.10) o godz. 17:00 zapraszamy na wyst\u0119p Jakuba Kuszlika w III etapie Konkursu Chopinowskiego. W programie wyst\u0119pu &#8211;\u00a0Fantazja f-moll op. 49 &#8211;\u00a0Mazurek c-moll op. 30 nr 1 &#8211;\u00a0Mazurek h-moll op. 30 nr 2 &#8211;\u00a0Mazurek Des-dur op. 30 nr 3 &#8211;\u00a0Mazurek cis-moll op. 30 nr 4 &#8211;\u00a0Sonata h-moll op. 58 Zapraszamy serdecznie do [&hellip;]<\/p>\n","protected":false},"author":2,"featured_media":0,"comment_status":"open","ping_status":"open","sticky":false,"template":"","format":"standard","meta":{"footnotes":""},"categories":[1],"tags":[],"class_list":["post-1332","post","type-post","status-publish","format-standard","hentry","category-bez-kategorii"],"_links":{"self":[{"href":"https:\/\/beethoven.org.pl\/impresariat\/wp-json\/wp\/v2\/posts\/1332","targetHints":{"allow":["GET"]}}],"collection":[{"href":"https:\/\/beethoven.org.pl\/impresariat\/wp-json\/wp\/v2\/posts"}],"about":[{"href":"https:\/\/beethoven.org.pl\/impresariat\/wp-json\/wp\/v2\/types\/post"}],"author":[{"embeddable":true,"href":"https:\/\/beethoven.org.pl\/impresariat\/wp-json\/wp\/v2\/users\/2"}],"replies":[{"embeddable":true,"href":"https:\/\/beethoven.org.pl\/impresariat\/wp-json\/wp\/v2\/comments?post=1332"}],"version-history":[{"count":1,"href":"https:\/\/beethoven.org.pl\/impresariat\/wp-json\/wp\/v2\/posts\/1332\/revisions"}],"predecessor-version":[{"id":1334,"href":"https:\/\/beethoven.org.pl\/impresariat\/wp-json\/wp\/v2\/posts\/1332\/revisions\/1334"}],"wp:attachment":[{"href":"https:\/\/beethoven.org.pl\/impresariat\/wp-json\/wp\/v2\/media?parent=1332"}],"wp:term":[{"taxonomy":"category","embeddable":true,"href":"https:\/\/beethoven.org.pl\/impresariat\/wp-json\/wp\/v2\/categories?post=1332"},{"taxonomy":"post_tag","embeddable":true,"href":"https:\/\/beethoven.org.pl\/impresariat\/wp-json\/wp\/v2\/tags?post=1332"}],"curies":[{"name":"wp","href":"https:\/\/api.w.org\/{rel}","templated":true}]}}