{"id":1329,"date":"2021-10-14T12:49:27","date_gmt":"2021-10-14T10:49:27","guid":{"rendered":"http:\/\/beethoven.org.pl\/impresariat\/?p=1329"},"modified":"2021-10-15T12:51:09","modified_gmt":"2021-10-15T10:51:09","slug":"andrzej-wiercinski-w-polfinale-konkursu-chopinowskiego","status":"publish","type":"post","link":"https:\/\/beethoven.org.pl\/impresariat\/2021\/10\/14\/andrzej-wiercinski-w-polfinale-konkursu-chopinowskiego\/","title":{"rendered":"Andrzej Wierci\u0144ski w p\u00f3\u0142finale Konkursu Chopinowskiego"},"content":{"rendered":"<p>Ju\u017c dzi\u015b (14.10) o godz. 19:20 Andrzej Wierci\u0144ski wyst\u0105pi w III etapie Konkursu Chopinowsiego. Zaprezentuje:<\/p>\n<p>&#8211;\u00a0Mazurek g-moll op. 24 nr 1<\/p>\n<p>&#8211;\u00a0Mazurek C-dur op. 24 nr 2<\/p>\n<p>&#8211;\u00a0Mazurek As-dur op. 24 nr 3<\/p>\n<p>&#8211;\u00a0Mazurek b-moll op. 24 nr 4<\/p>\n<p>&#8211;\u00a0Scherzo E-dur op. 54<\/p>\n<p>&#8211;\u00a0Sonata h-moll op. 58<\/p>\n<p>Zapraszamy serdecznie do wys\u0142uchania wyst\u0119pu na kanale Youtube Konkursu<\/p>\n<p>Andrzej Wierci\u0144ski urodzi\u0142 si\u0119 21 listopada 1995 r. Studiuje na Uniwersytecie Mozarteum w Salzburgu w klasie Pavla Gililova. Na Akademii Muzycznej im. Karola Szymanowskiego w Katowicach uczy\u0142 si\u0119 pod kierunkiem Wojciecha \u015awita\u0142y. Laureat I nagr\u00f3d na Mi\u0119dzynarodowym Konkursie Pianistycznym w Saint-Priest (2019) i Og\u00f3lnopolskim Konkursie Pianistycznym im. Fryderyka Chopina w Warszawie (2015) oraz III miejsca w Mi\u0119dzynarodowym Konkursie Pianistycznym w Hongkongu (2019). Wybitne osi\u0105gni\u0119cia konkursowe zaowocowa\u0142y zaproszeniami na koncerty w wi\u0119kszo\u015bci kraj\u00f3w europejskich, Japonii i Indonezji. Jest laureatem stypendi\u00f3w artystycznych im. Franciszka Wybra\u0144czyka Fundacji Sinfonia Varsovia, Krystiana Zimermana oraz Yamahy.<\/p>","protected":false},"excerpt":{"rendered":"<p>Ju\u017c dzi\u015b (14.10) o godz. 19:20 Andrzej Wierci\u0144ski wyst\u0105pi w III etapie Konkursu Chopinowsiego. Zaprezentuje: &#8211;\u00a0Mazurek g-moll op. 24 nr 1 &#8211;\u00a0Mazurek C-dur op. 24 nr 2 &#8211;\u00a0Mazurek As-dur op. 24 nr 3 &#8211;\u00a0Mazurek b-moll op. 24 nr 4 &#8211;\u00a0Scherzo E-dur op. 54 &#8211;\u00a0Sonata h-moll op. 58 Zapraszamy serdecznie do wys\u0142uchania wyst\u0119pu na kanale Youtube [&hellip;]<\/p>\n","protected":false},"author":2,"featured_media":0,"comment_status":"open","ping_status":"open","sticky":false,"template":"","format":"standard","meta":{"footnotes":""},"categories":[1],"tags":[],"class_list":["post-1329","post","type-post","status-publish","format-standard","hentry","category-bez-kategorii"],"_links":{"self":[{"href":"https:\/\/beethoven.org.pl\/impresariat\/wp-json\/wp\/v2\/posts\/1329","targetHints":{"allow":["GET"]}}],"collection":[{"href":"https:\/\/beethoven.org.pl\/impresariat\/wp-json\/wp\/v2\/posts"}],"about":[{"href":"https:\/\/beethoven.org.pl\/impresariat\/wp-json\/wp\/v2\/types\/post"}],"author":[{"embeddable":true,"href":"https:\/\/beethoven.org.pl\/impresariat\/wp-json\/wp\/v2\/users\/2"}],"replies":[{"embeddable":true,"href":"https:\/\/beethoven.org.pl\/impresariat\/wp-json\/wp\/v2\/comments?post=1329"}],"version-history":[{"count":1,"href":"https:\/\/beethoven.org.pl\/impresariat\/wp-json\/wp\/v2\/posts\/1329\/revisions"}],"predecessor-version":[{"id":1331,"href":"https:\/\/beethoven.org.pl\/impresariat\/wp-json\/wp\/v2\/posts\/1329\/revisions\/1331"}],"wp:attachment":[{"href":"https:\/\/beethoven.org.pl\/impresariat\/wp-json\/wp\/v2\/media?parent=1329"}],"wp:term":[{"taxonomy":"category","embeddable":true,"href":"https:\/\/beethoven.org.pl\/impresariat\/wp-json\/wp\/v2\/categories?post=1329"},{"taxonomy":"post_tag","embeddable":true,"href":"https:\/\/beethoven.org.pl\/impresariat\/wp-json\/wp\/v2\/tags?post=1329"}],"curies":[{"name":"wp","href":"https:\/\/api.w.org\/{rel}","templated":true}]}}