{"id":1326,"date":"2021-10-14T12:44:17","date_gmt":"2021-10-14T10:44:17","guid":{"rendered":"http:\/\/beethoven.org.pl\/impresariat\/?p=1326"},"modified":"2021-10-15T12:45:55","modified_gmt":"2021-10-15T10:45:55","slug":"andrzej-wiercinski-i-jakub-kuszlik-w-gronie-23-pianistow-zakwalifikowanych-do-polfinalu-konkursu-chopinowskiego","status":"publish","type":"post","link":"https:\/\/beethoven.org.pl\/impresariat\/2021\/10\/14\/andrzej-wiercinski-i-jakub-kuszlik-w-gronie-23-pianistow-zakwalifikowanych-do-polfinalu-konkursu-chopinowskiego\/","title":{"rendered":"Andrzej Wierci\u0144ski i Jakub Kuszlik w gronie 23 pianist\u00f3w zakwalifikowanych do p\u00f3\u0142fina\u0142u Konkursu Chopinowskiego"},"content":{"rendered":"<p>Andrzej Wierci\u0144ski i Jakub Kuszlik\u00a0 zostali zakwalifikowani do III etapu Konkursu Chopinowskiego. Decyzj\u0105 Jury pod przewodnictwem prof. Katarzyny Popowej-Zydro\u0144 do III, przedostatniego etapu XVIII Konkursu Chopinowskiego zakwalifikowa\u0142o si\u0119 23 uczestnik\u00f3w reprezentuj\u0105cych 11 kraj\u00f3w, m.in. 6 z Polski, 5 z Japonii, 3 z W\u0142och, 2 z Kanady, Rosji, Korei Po\u0142udniowej.<\/p>\n<p>Andrzej Wierci\u0144ski urodzi\u0142 si\u0119\u00a021 listopada 1995 r. Studiuje na Uniwersytecie Mozarteum w Salzburgu w klasie Pavla Gililova. Na Akademii Muzycznej im. Karola Szymanowskiego w Katowicach uczy\u0142 si\u0119 pod kierunkiem Wojciecha \u015awita\u0142y. Laureat I nagr\u00f3d na Mi\u0119dzynarodowym Konkursie Pianistycznym w Saint-Priest (2019) i Og\u00f3lnopolskim Konkursie Pianistycznym im. Fryderyka Chopina w Warszawie (2015) oraz III miejsca w Mi\u0119dzynarodowym Konkursie Pianistycznym w Hongkongu (2019). Wybitne osi\u0105gni\u0119cia konkursowe zaowocowa\u0142y zaproszeniami na koncerty w wi\u0119kszo\u015bci kraj\u00f3w europejskich, Japonii i Indonezji. Jest laureatem stypendi\u00f3w artystycznych im. Franciszka Wybra\u0144czyka Fundacji Sinfonia Varsovia, Krystiana Zimermana oraz Yamahy.<\/p>\n<p>&nbsp;<\/p>\n<p>Jakub Kuszlik obecnie kszta\u0142ci si\u0119 pod kierunkiem Katarzyny Popowej-Zydro\u0144 w Akademii Muzycznej im. Feliksa Nowowiejskiego w Bydgoszczy. Jest laureatem II nagrody na Mi\u0119dzynarodowym Konkursie im. Ignacego Jana Paderewskiego w Bydgoszczy i na Mi\u0119dzynarodowym Konkursie Pianistycznym w Hilton Head oraz III nagrody na Mi\u0119dzynarodowym Konkursie \u201eTop of the World\u201d w Tromso. W 2017 r. wyst\u0105pi\u0142 z recitalem chopinowskim w Studiu Koncertowym Polskiego Radia w Warszawie. Rok p\u00f3\u017aniej, wraz z orkiestr\u0105 Filharmonii Narodowej wykona\u0142 Koncert fortepianowy a-moll op. 17 Paderewskiego. Wyst\u0119powa\u0142 tak\u017ce w licznych krajach europejskich, m.in. w Niemczech, Norwegii i na Islandii, a tak\u017ce w Japonii i USA.<\/p>\n<p>&nbsp;<\/p>\n<p>III etap potrwa od 14 do 16 pa\u017adziernika. Przes\u0142uchania b\u0119d\u0105 si\u0119 odbywa\u0107 w sesjach porannej (od g. 10) oraz wieczornej (od g. 17).Piani\u015bci zagraj\u0105 ok. 50-minutowy recital, podczas kt\u00f3rego wykonaj\u0105 m.in. jedn\u0105 z dw\u00f3ch sonat (op. 35 lub op. 58, o ile nie wykonali ich we wcze\u015bniejszej rundzie Konkursu) lub pe\u0142ny cykl\u00a0<em>Preludi\u00f3w<\/em>\u00a0op. 28 oraz wybrany cykl mazurk\u00f3w.<\/p>","protected":false},"excerpt":{"rendered":"<p>Andrzej Wierci\u0144ski i Jakub Kuszlik\u00a0 zostali zakwalifikowani do III etapu Konkursu Chopinowskiego. Decyzj\u0105 Jury pod przewodnictwem prof. Katarzyny Popowej-Zydro\u0144 do III, przedostatniego etapu XVIII Konkursu Chopinowskiego zakwalifikowa\u0142o si\u0119 23 uczestnik\u00f3w reprezentuj\u0105cych 11 kraj\u00f3w, m.in. 6 z Polski, 5 z Japonii, 3 z W\u0142och, 2 z Kanady, Rosji, Korei Po\u0142udniowej. Andrzej Wierci\u0144ski urodzi\u0142 si\u0119\u00a021 listopada 1995 [&hellip;]<\/p>\n","protected":false},"author":2,"featured_media":0,"comment_status":"open","ping_status":"open","sticky":false,"template":"","format":"standard","meta":{"footnotes":""},"categories":[1],"tags":[],"class_list":["post-1326","post","type-post","status-publish","format-standard","hentry","category-bez-kategorii"],"_links":{"self":[{"href":"https:\/\/beethoven.org.pl\/impresariat\/wp-json\/wp\/v2\/posts\/1326","targetHints":{"allow":["GET"]}}],"collection":[{"href":"https:\/\/beethoven.org.pl\/impresariat\/wp-json\/wp\/v2\/posts"}],"about":[{"href":"https:\/\/beethoven.org.pl\/impresariat\/wp-json\/wp\/v2\/types\/post"}],"author":[{"embeddable":true,"href":"https:\/\/beethoven.org.pl\/impresariat\/wp-json\/wp\/v2\/users\/2"}],"replies":[{"embeddable":true,"href":"https:\/\/beethoven.org.pl\/impresariat\/wp-json\/wp\/v2\/comments?post=1326"}],"version-history":[{"count":1,"href":"https:\/\/beethoven.org.pl\/impresariat\/wp-json\/wp\/v2\/posts\/1326\/revisions"}],"predecessor-version":[{"id":1328,"href":"https:\/\/beethoven.org.pl\/impresariat\/wp-json\/wp\/v2\/posts\/1326\/revisions\/1328"}],"wp:attachment":[{"href":"https:\/\/beethoven.org.pl\/impresariat\/wp-json\/wp\/v2\/media?parent=1326"}],"wp:term":[{"taxonomy":"category","embeddable":true,"href":"https:\/\/beethoven.org.pl\/impresariat\/wp-json\/wp\/v2\/categories?post=1326"},{"taxonomy":"post_tag","embeddable":true,"href":"https:\/\/beethoven.org.pl\/impresariat\/wp-json\/wp\/v2\/tags?post=1326"}],"curies":[{"name":"wp","href":"https:\/\/api.w.org\/{rel}","templated":true}]}}