{"id":1266,"date":"2021-08-30T12:58:42","date_gmt":"2021-08-30T10:58:42","guid":{"rendered":"http:\/\/beethoven.org.pl\/impresariat\/?p=1266"},"modified":"2021-08-30T13:00:25","modified_gmt":"2021-08-30T11:00:25","slug":"ksiazek-piano-duo-w-riff-pianosalon-w-warszawie","status":"publish","type":"post","link":"https:\/\/beethoven.org.pl\/impresariat\/2021\/08\/30\/ksiazek-piano-duo-w-riff-pianosalon-w-warszawie\/","title":{"rendered":"Ju\u017c 3 wrze\u015bnia .Ksi\u0105\u017cek Piano Duo w Riff Pianosalon w Warszawie\u00a0"},"content":{"rendered":"<p>Ksi\u0105\u017cek Piano Duo to jedna z najciekawszych formacji duet\u00f3w fortepianowych na \u015bwiecie, tworzona przez dw\u00f3jk\u0119 wybitnych polskich pianist\u00f3w: Agnieszk\u0119 Zahaczewsk\u0105-Ksi\u0105\u017cek i Krzysztofa Ksi\u0105\u017cka. Od rozpocz\u0119cia wsp\u00f3\u0142pracy w 2012 roku wielokrotnie nagradzany za granic\u0105 duet odby\u0142 szereg koncert\u00f3w w Szwajcarii, Francji, Tajlandii, Wielkiej Brytanii i RPA, zdobywaj\u0105c uznanie publiczno\u015bci oraz pochlebne opinie mi\u0119dzynarodowej krytyki muzycznej. W 2019 r. zdobyli II nagrod\u0119 i nagrod\u0119 specjaln\u0105 na XXI Mi\u0119dzynarodowym Konkursie Duet\u00f3w Fortepianowych im. F. Schuberta w Jeseniku oraz tytu\u0142 finalisty oraz nagrod\u0119 specjaln\u0105 na III Mi\u0119dzynarodowym Konkursie Duet\u00f3w Fortepianowych im. S. Sz\u04e7renyi w Bukareszcie. W 2020 r. arty\u015bci otrzymali stypendium \u201eM\u0142oda Polska\u201d.<\/p>\n<p>Ju\u017c 03 wrze\u015bnia o godz. 18:00 Ksi\u0105\u017cek Piano Duo wyst\u0105pi w\u00a0Riff Pianosalon w Warszawie. Wst\u0119p po uprzednim zapisaniu si\u0119 na list\u0119, poprzez email na adres pianosalon@riff.net.pl o temacie &#8222;KSI\u0104\u017bEK PIANO DUO&#8221;.<\/p>","protected":false},"excerpt":{"rendered":"<p>Ksi\u0105\u017cek Piano Duo to jedna z najciekawszych formacji duet\u00f3w fortepianowych na \u015bwiecie, tworzona przez dw\u00f3jk\u0119 wybitnych polskich pianist\u00f3w: Agnieszk\u0119 Zahaczewsk\u0105-Ksi\u0105\u017cek i Krzysztofa Ksi\u0105\u017cka. Od rozpocz\u0119cia wsp\u00f3\u0142pracy w 2012 roku wielokrotnie nagradzany za granic\u0105 duet odby\u0142 szereg koncert\u00f3w w Szwajcarii, Francji, Tajlandii, Wielkiej Brytanii i RPA, zdobywaj\u0105c uznanie publiczno\u015bci oraz pochlebne opinie mi\u0119dzynarodowej krytyki muzycznej. W [&hellip;]<\/p>\n","protected":false},"author":2,"featured_media":0,"comment_status":"open","ping_status":"open","sticky":false,"template":"","format":"standard","meta":{"footnotes":""},"categories":[1],"tags":[],"class_list":["post-1266","post","type-post","status-publish","format-standard","hentry","category-bez-kategorii"],"_links":{"self":[{"href":"https:\/\/beethoven.org.pl\/impresariat\/wp-json\/wp\/v2\/posts\/1266","targetHints":{"allow":["GET"]}}],"collection":[{"href":"https:\/\/beethoven.org.pl\/impresariat\/wp-json\/wp\/v2\/posts"}],"about":[{"href":"https:\/\/beethoven.org.pl\/impresariat\/wp-json\/wp\/v2\/types\/post"}],"author":[{"embeddable":true,"href":"https:\/\/beethoven.org.pl\/impresariat\/wp-json\/wp\/v2\/users\/2"}],"replies":[{"embeddable":true,"href":"https:\/\/beethoven.org.pl\/impresariat\/wp-json\/wp\/v2\/comments?post=1266"}],"version-history":[{"count":4,"href":"https:\/\/beethoven.org.pl\/impresariat\/wp-json\/wp\/v2\/posts\/1266\/revisions"}],"predecessor-version":[{"id":1272,"href":"https:\/\/beethoven.org.pl\/impresariat\/wp-json\/wp\/v2\/posts\/1266\/revisions\/1272"}],"wp:attachment":[{"href":"https:\/\/beethoven.org.pl\/impresariat\/wp-json\/wp\/v2\/media?parent=1266"}],"wp:term":[{"taxonomy":"category","embeddable":true,"href":"https:\/\/beethoven.org.pl\/impresariat\/wp-json\/wp\/v2\/categories?post=1266"},{"taxonomy":"post_tag","embeddable":true,"href":"https:\/\/beethoven.org.pl\/impresariat\/wp-json\/wp\/v2\/tags?post=1266"}],"curies":[{"name":"wp","href":"https:\/\/api.w.org\/{rel}","templated":true}]}}