{"id":1259,"date":"2021-08-07T10:05:00","date_gmt":"2021-08-07T08:05:00","guid":{"rendered":"http:\/\/beethoven.org.pl\/impresariat\/?p=1259"},"modified":"2021-08-07T10:05:19","modified_gmt":"2021-08-07T08:05:19","slug":"ksiazek-piano-duo-w-brochowie","status":"publish","type":"post","link":"https:\/\/beethoven.org.pl\/impresariat\/2021\/08\/07\/ksiazek-piano-duo-w-brochowie\/","title":{"rendered":"Ksi\u0105\u017cek Piano Duo w Brochowie"},"content":{"rendered":"<p><\/p>\n<div dir=\"auto\">W najbli\u017csz\u0105 niedziel\u0119 o godz. 13.15\u00a0 w Bazylice \u015bw. Jana Chrzciciela w Brochowie wyst\u0105pi Ksi\u0105\u017cek Piano Duo. W programie utwory: F. Chopina, J. Elsnera, J. Zar\u0119bskiego, I. Friedmana i M. Moszkowskiego.<\/div>\n<div dir=\"auto\"><\/div>\n<div dir=\"auto\">Serdecznie zapraszamy<\/div>\n<p><\/p>","protected":false},"excerpt":{"rendered":"<p>W najbli\u017csz\u0105 niedziel\u0119 o godz. 13.15\u00a0 w Bazylice \u015bw. Jana Chrzciciela w Brochowie wyst\u0105pi Ksi\u0105\u017cek Piano Duo. W programie utwory: F. Chopina, J. Elsnera, J. Zar\u0119bskiego, I. Friedmana i M. Moszkowskiego. Serdecznie zapraszamy<\/p>\n","protected":false},"author":2,"featured_media":0,"comment_status":"open","ping_status":"open","sticky":false,"template":"","format":"standard","meta":{"footnotes":""},"categories":[1],"tags":[],"class_list":["post-1259","post","type-post","status-publish","format-standard","hentry","category-bez-kategorii"],"_links":{"self":[{"href":"https:\/\/beethoven.org.pl\/impresariat\/wp-json\/wp\/v2\/posts\/1259","targetHints":{"allow":["GET"]}}],"collection":[{"href":"https:\/\/beethoven.org.pl\/impresariat\/wp-json\/wp\/v2\/posts"}],"about":[{"href":"https:\/\/beethoven.org.pl\/impresariat\/wp-json\/wp\/v2\/types\/post"}],"author":[{"embeddable":true,"href":"https:\/\/beethoven.org.pl\/impresariat\/wp-json\/wp\/v2\/users\/2"}],"replies":[{"embeddable":true,"href":"https:\/\/beethoven.org.pl\/impresariat\/wp-json\/wp\/v2\/comments?post=1259"}],"version-history":[{"count":2,"href":"https:\/\/beethoven.org.pl\/impresariat\/wp-json\/wp\/v2\/posts\/1259\/revisions"}],"predecessor-version":[{"id":1261,"href":"https:\/\/beethoven.org.pl\/impresariat\/wp-json\/wp\/v2\/posts\/1259\/revisions\/1261"}],"wp:attachment":[{"href":"https:\/\/beethoven.org.pl\/impresariat\/wp-json\/wp\/v2\/media?parent=1259"}],"wp:term":[{"taxonomy":"category","embeddable":true,"href":"https:\/\/beethoven.org.pl\/impresariat\/wp-json\/wp\/v2\/categories?post=1259"},{"taxonomy":"post_tag","embeddable":true,"href":"https:\/\/beethoven.org.pl\/impresariat\/wp-json\/wp\/v2\/tags?post=1259"}],"curies":[{"name":"wp","href":"https:\/\/api.w.org\/{rel}","templated":true}]}}