{"id":1255,"date":"2021-08-07T09:46:55","date_gmt":"2021-08-07T07:46:55","guid":{"rendered":"http:\/\/beethoven.org.pl\/impresariat\/?p=1255"},"modified":"2021-08-07T09:46:55","modified_gmt":"2021-08-07T07:46:55","slug":"andrzej-wiercinski-na-festiwalu-emanacje","status":"publish","type":"post","link":"https:\/\/beethoven.org.pl\/impresariat\/2021\/08\/07\/andrzej-wiercinski-na-festiwalu-emanacje\/","title":{"rendered":"Andrzej Wierci\u0144ski na  festiwalu EMANACJE"},"content":{"rendered":"<p>Andrzej Wierci\u0144ski wyst\u0105pi w najbli\u017csz\u0105 sobot\u0119 z recitalem chopinowskim podczas Festiwalu EMANACJE. Start o godz. 19:00 w Europejskim Centrum Muzyki Krzysztofa Pendereckiego.<\/p>\n<p>Wi\u0119cej informacji:<\/p>\n<p>https:\/\/penderecki-center.pl\/aktualnosci#37897<\/p>\n<p>&nbsp;<\/p>\n<p>&nbsp;<\/p>","protected":false},"excerpt":{"rendered":"<p>Andrzej Wierci\u0144ski wyst\u0105pi w najbli\u017csz\u0105 sobot\u0119 z recitalem chopinowskim podczas Festiwalu EMANACJE. Start o godz. 19:00 w Europejskim Centrum Muzyki Krzysztofa Pendereckiego. Wi\u0119cej informacji: https:\/\/penderecki-center.pl\/aktualnosci#37897 &nbsp; &nbsp;<\/p>\n","protected":false},"author":2,"featured_media":0,"comment_status":"open","ping_status":"open","sticky":false,"template":"","format":"standard","meta":{"footnotes":""},"categories":[1],"tags":[],"class_list":["post-1255","post","type-post","status-publish","format-standard","hentry","category-bez-kategorii"],"_links":{"self":[{"href":"https:\/\/beethoven.org.pl\/impresariat\/wp-json\/wp\/v2\/posts\/1255","targetHints":{"allow":["GET"]}}],"collection":[{"href":"https:\/\/beethoven.org.pl\/impresariat\/wp-json\/wp\/v2\/posts"}],"about":[{"href":"https:\/\/beethoven.org.pl\/impresariat\/wp-json\/wp\/v2\/types\/post"}],"author":[{"embeddable":true,"href":"https:\/\/beethoven.org.pl\/impresariat\/wp-json\/wp\/v2\/users\/2"}],"replies":[{"embeddable":true,"href":"https:\/\/beethoven.org.pl\/impresariat\/wp-json\/wp\/v2\/comments?post=1255"}],"version-history":[{"count":1,"href":"https:\/\/beethoven.org.pl\/impresariat\/wp-json\/wp\/v2\/posts\/1255\/revisions"}],"predecessor-version":[{"id":1257,"href":"https:\/\/beethoven.org.pl\/impresariat\/wp-json\/wp\/v2\/posts\/1255\/revisions\/1257"}],"wp:attachment":[{"href":"https:\/\/beethoven.org.pl\/impresariat\/wp-json\/wp\/v2\/media?parent=1255"}],"wp:term":[{"taxonomy":"category","embeddable":true,"href":"https:\/\/beethoven.org.pl\/impresariat\/wp-json\/wp\/v2\/categories?post=1255"},{"taxonomy":"post_tag","embeddable":true,"href":"https:\/\/beethoven.org.pl\/impresariat\/wp-json\/wp\/v2\/tags?post=1255"}],"curies":[{"name":"wp","href":"https:\/\/api.w.org\/{rel}","templated":true}]}}