{"id":1250,"date":"2021-07-26T23:32:31","date_gmt":"2021-07-26T21:32:31","guid":{"rendered":"http:\/\/beethoven.org.pl\/impresariat\/?p=1250"},"modified":"2021-07-26T23:36:20","modified_gmt":"2021-07-26T21:36:20","slug":"konkurs-chopinowski-z-pianistami-reprezentowanymi-przez-stowarzyszenie-im-ludwiga-van-beethovena","status":"publish","type":"post","link":"https:\/\/beethoven.org.pl\/impresariat\/2021\/07\/26\/konkurs-chopinowski-z-pianistami-reprezentowanymi-przez-stowarzyszenie-im-ludwiga-van-beethovena\/","title":{"rendered":"Konkurs Chopinowski z pianistami reprezentowanymi przez Stowarzyszenie im. Ludwiga van Beethovena"},"content":{"rendered":"<p><span style=\"font-weight: 400\">Og\u0142oszono wyniki eliminacji do XVIII Konkursu Chopinowskiego. W\u015br\u00f3d wy\u0142onionych pianist\u00f3w znale\u017ali si\u0119 arty\u015bci reprezentowani przez Stowarzyszenie im. Ludwiga van Beethovena &#8211; Jakub Kuszlik, Aleksandra \u015awigut i Andrzej Wierci\u0144ski.<\/span><\/p>\n<p>&nbsp;<\/p>\n<p><span style=\"font-weight: 400\">Aleksandra \u015awigut uko\u0144czy\u0142a Uniwersytet Muzyczny Fryderyka Chopina w Warszawie w klasie Piotra Palecznego, Akademi\u0119 Muzyczn\u0105 w Katowicach pod kierunkiem Wojciecha \u015awita\u0142y i Marii Szwajger-Ku\u0142akowskiej oraz Guildhall School of Music and Drama w Londynie w klasie Davida Dolana. Od 2016 r. jest doktorantk\u0105 Waldemara Wojtala w Akademii Muzycznej w Gda\u0144sku. W Katowicach studiowa\u0142a tak\u017ce gr\u0119 na fortepianie historycznym pod kierunkiem Katarzyny Drogosz. Wyst\u0119powa\u0142a m.in. na Festiwalu \u201eChopin i jego Europa\u201d oraz na Wielkanocnym Festiwalu Ludwiga van Beethovena w Warszawie. Jest laureatk\u0105 m.in. nagr\u00f3d na I Mi\u0119dzynarodowym Konkursie Chopinowskim na Instrumentach Historycznych w Warszawie i na Mi\u0119dzynarodowym Konkursie Pianistycznym w Ettlingen.<\/span><\/p>\n<p>&nbsp;<\/p>\n<p><span style=\"font-weight: 400\">Andrzej Wierci\u0144ski studiuje na Uniwersytecie Mozarteum w Salzburgu w klasie fortepianu prof. Pavla Gililova. Na Akademii Muzycznej im. Karola Szymanowskiego w Katowicach uczy\u0142 si\u0119 pod kierunkiem prof. Wojciecha \u015awita\u0142y. Laureat I nagr\u00f3d w: Mi\u0119dzynarodowym Konkursie Pianistycznym w Saint-Priest (2019) i Og\u00f3lnopolskim Konkursie Pianistycznym im. Fryderyka Chopina w Warszawie (2015) oraz III miejsca w Mi\u0119dzynarodowym Konkursie Pianistycznym w Hong Kongu (2019). Wybitne osi\u0105gni\u0119cia konkursowe zaowocowa\u0142y zaproszeniami na koncerty w wi\u0119kszo\u015bci kraj\u00f3w europejskich, Japonii i Indonezji. Jest laureatem Stypendium Artystycznego im. F. Wybra\u0144czyka Fundacji Sinfonia Varsovia, Stypendium Artystycznego Krystiana Zimermana oraz Stypendium Artystycznego Yamaha.<\/span><\/p>\n<p>&nbsp;<\/p>\n<p><span style=\"font-weight: 400\">Jakub Kuszlik,z kt\u00f3rym Stowarzyszenie im. Ludwiga van Beethovena rozpocz\u0119\u0142o wsp\u00f3\u0142prac\u0119,<\/span><span style=\"font-weight: 400\"> kszta\u0142ci si\u0119 pod kierunkiem Katarzyny Popowej-Zydro\u0144 w Akademii Muzycznej im. Feliksa Nowowiejskiego w Bydgoszczy.<\/span><span style=\"font-weight: 400\"> Jest <\/span><span style=\"font-weight: 400\">laureatem II nagrody na Mi\u0119dzynarodowym Konkursie im. Ignacego Jana Paderewskiego w Bydgoszczy i na Mi\u0119dzynarodowym Konkursie Pianistycznym w Hilton Head oraz III nagrody na Mi\u0119dzynarodowym Konkursie \u201eTop of the World\u201d w Troms\u00f8. W 2017 r. wyst\u0105pi\u0142 z recitalem chopinowskim w Studiu Koncertowym Polskiego Radia w Warszawie. Rok p\u00f3\u017aniej, wraz z orkiestr\u0105 Filharmonii Narodowej wykona\u0142 Koncert fortepianowy a-moll op. 17 Paderewskiego. Wyst\u0119powa\u0142 tak\u017ce w licznych krajach europejskich, m.in. w Niemczech, Norwegii i na Islandii, a tak\u017ce w Japonii i USA.<\/span><\/p>\n<p>&nbsp;<\/p>\n<p><span style=\"font-weight: 400\">Uroczyst\u0105 inauguracj\u0119 Konkursu Chopinowskiego zaplanowano na 2 pa\u017adziernika w Filharmonii Narodowej w Warszawie. Zmagania konkursowe potrwaj\u0105 do 20 pa\u017adziernika. Uroczysta gala wr\u0119czenia nagr\u00f3d wraz z koncertem laureat\u00f3w odb\u0119dzie si\u0119 21 pa\u017adziernika w Teatrze Wielkim \u2012 Operze Narodowej.<\/span><\/p>","protected":false},"excerpt":{"rendered":"<p>Og\u0142oszono wyniki eliminacji do XVIII Konkursu Chopinowskiego. W\u015br\u00f3d wy\u0142onionych pianist\u00f3w znale\u017ali si\u0119 arty\u015bci reprezentowani przez Stowarzyszenie im. Ludwiga van Beethovena &#8211; Jakub Kuszlik, Aleksandra \u015awigut i Andrzej Wierci\u0144ski. &nbsp; Aleksandra \u015awigut uko\u0144czy\u0142a Uniwersytet Muzyczny Fryderyka Chopina w Warszawie w klasie Piotra Palecznego, Akademi\u0119 Muzyczn\u0105 w Katowicach pod kierunkiem Wojciecha \u015awita\u0142y i Marii Szwajger-Ku\u0142akowskiej oraz Guildhall [&hellip;]<\/p>\n","protected":false},"author":2,"featured_media":0,"comment_status":"open","ping_status":"open","sticky":false,"template":"","format":"standard","meta":{"footnotes":""},"categories":[1],"tags":[],"class_list":["post-1250","post","type-post","status-publish","format-standard","hentry","category-bez-kategorii"],"_links":{"self":[{"href":"https:\/\/beethoven.org.pl\/impresariat\/wp-json\/wp\/v2\/posts\/1250","targetHints":{"allow":["GET"]}}],"collection":[{"href":"https:\/\/beethoven.org.pl\/impresariat\/wp-json\/wp\/v2\/posts"}],"about":[{"href":"https:\/\/beethoven.org.pl\/impresariat\/wp-json\/wp\/v2\/types\/post"}],"author":[{"embeddable":true,"href":"https:\/\/beethoven.org.pl\/impresariat\/wp-json\/wp\/v2\/users\/2"}],"replies":[{"embeddable":true,"href":"https:\/\/beethoven.org.pl\/impresariat\/wp-json\/wp\/v2\/comments?post=1250"}],"version-history":[{"count":1,"href":"https:\/\/beethoven.org.pl\/impresariat\/wp-json\/wp\/v2\/posts\/1250\/revisions"}],"predecessor-version":[{"id":1252,"href":"https:\/\/beethoven.org.pl\/impresariat\/wp-json\/wp\/v2\/posts\/1250\/revisions\/1252"}],"wp:attachment":[{"href":"https:\/\/beethoven.org.pl\/impresariat\/wp-json\/wp\/v2\/media?parent=1250"}],"wp:term":[{"taxonomy":"category","embeddable":true,"href":"https:\/\/beethoven.org.pl\/impresariat\/wp-json\/wp\/v2\/categories?post=1250"},{"taxonomy":"post_tag","embeddable":true,"href":"https:\/\/beethoven.org.pl\/impresariat\/wp-json\/wp\/v2\/tags?post=1250"}],"curies":[{"name":"wp","href":"https:\/\/api.w.org\/{rel}","templated":true}]}}