{"id":1220,"date":"2021-04-28T13:26:10","date_gmt":"2021-04-28T11:26:10","guid":{"rendered":"http:\/\/beethoven.org.pl\/impresariat\/?p=1220"},"modified":"2021-05-04T10:14:15","modified_gmt":"2021-05-04T08:14:15","slug":"krzysztof-ksiazek-jako-jedyny-polak-w-miedzynarodowym-konkursie-muzycznym-w-montrealu","status":"publish","type":"post","link":"https:\/\/beethoven.org.pl\/impresariat\/2021\/04\/28\/krzysztof-ksiazek-jako-jedyny-polak-w-miedzynarodowym-konkursie-muzycznym-w-montrealu\/","title":{"rendered":"Krzysztof Ksi\u0105\u017cek jako jedyny Polak w Mi\u0119dzynarodowym Konkursie Muzycznym w Montrealu"},"content":{"rendered":"<p>Pianista Krzysztof Ksi\u0105\u017cek wyst\u0105pi jako jedyny reprezentant Polski w p\u00f3\u0142finale Mi\u0119dzynarodowego Konkursu Muzycznego w Montrealu. Zmagania uczestnik\u00f3w b\u0119dzie mo\u017cna \u015bledzi\u0107 online\u00a0na platformie Youtbue\u00a0<a href=\"https:\/\/www.youtube.com\/channel\/UCDaBvYMLYTueqGqE_lGPIPA\/videos\">https:\/\/www.youtube.com\/channel\/UCDaBvYMLYTueqGqE_lGPIPA\/videos<\/a><\/p>\n<p>Zapraszamy do ogl\u0105dania zw\u0142aszcza wyst\u0119pu Krzysztofa Ksi\u0105\u017cka ju\u017c w czwartek o godz. 16:00<\/p>","protected":false},"excerpt":{"rendered":"<p>Pianista Krzysztof Ksi\u0105\u017cek wyst\u0105pi jako jedyny reprezentant Polski w p\u00f3\u0142finale Mi\u0119dzynarodowego Konkursu Muzycznego w Montrealu. Zmagania uczestnik\u00f3w b\u0119dzie mo\u017cna \u015bledzi\u0107 online\u00a0na platformie Youtbue\u00a0https:\/\/www.youtube.com\/channel\/UCDaBvYMLYTueqGqE_lGPIPA\/videos Zapraszamy do ogl\u0105dania zw\u0142aszcza wyst\u0119pu Krzysztofa Ksi\u0105\u017cka ju\u017c w czwartek o godz. 16:00<\/p>\n","protected":false},"author":2,"featured_media":0,"comment_status":"open","ping_status":"open","sticky":false,"template":"","format":"standard","meta":{"footnotes":""},"categories":[1],"tags":[],"class_list":["post-1220","post","type-post","status-publish","format-standard","hentry","category-bez-kategorii"],"_links":{"self":[{"href":"https:\/\/beethoven.org.pl\/impresariat\/wp-json\/wp\/v2\/posts\/1220","targetHints":{"allow":["GET"]}}],"collection":[{"href":"https:\/\/beethoven.org.pl\/impresariat\/wp-json\/wp\/v2\/posts"}],"about":[{"href":"https:\/\/beethoven.org.pl\/impresariat\/wp-json\/wp\/v2\/types\/post"}],"author":[{"embeddable":true,"href":"https:\/\/beethoven.org.pl\/impresariat\/wp-json\/wp\/v2\/users\/2"}],"replies":[{"embeddable":true,"href":"https:\/\/beethoven.org.pl\/impresariat\/wp-json\/wp\/v2\/comments?post=1220"}],"version-history":[{"count":2,"href":"https:\/\/beethoven.org.pl\/impresariat\/wp-json\/wp\/v2\/posts\/1220\/revisions"}],"predecessor-version":[{"id":1227,"href":"https:\/\/beethoven.org.pl\/impresariat\/wp-json\/wp\/v2\/posts\/1220\/revisions\/1227"}],"wp:attachment":[{"href":"https:\/\/beethoven.org.pl\/impresariat\/wp-json\/wp\/v2\/media?parent=1220"}],"wp:term":[{"taxonomy":"category","embeddable":true,"href":"https:\/\/beethoven.org.pl\/impresariat\/wp-json\/wp\/v2\/categories?post=1220"},{"taxonomy":"post_tag","embeddable":true,"href":"https:\/\/beethoven.org.pl\/impresariat\/wp-json\/wp\/v2\/tags?post=1220"}],"curies":[{"name":"wp","href":"https:\/\/api.w.org\/{rel}","templated":true}]}}