{"id":1217,"date":"2021-04-23T10:47:14","date_gmt":"2021-04-23T08:47:14","guid":{"rendered":"http:\/\/beethoven.org.pl\/impresariat\/?p=1217"},"modified":"2021-04-30T13:37:19","modified_gmt":"2021-04-30T11:37:19","slug":"tymoteusz-bies-w-filharmonii-lodzkiej","status":"publish","type":"post","link":"https:\/\/beethoven.org.pl\/impresariat\/2021\/04\/23\/tymoteusz-bies-w-filharmonii-lodzkiej\/","title":{"rendered":"Tymoteusz Bies w Filharmonii \u0141\u00f3dzkiej"},"content":{"rendered":"<p>Ju\u017c dzi\u015b o godz. 19:00 zapraszamy na koncert z udzia\u0142em reprezentowanego przez Stowarzyszenie im. Ludwiga van Beethovena Tymoteusza Biesa. Wyst\u0105pi on wraz z Krzysztofem Urbaniakiem (organy) i Orkiestr\u0105 Symfoniczn\u0105\u00a0 Filharmonii \u0141\u00f3dzkiej pod batut\u0105\u00a0Macieja Kotarby. W programie koncertu utwory J.S. Bacha, A. Vivaldiego i S. Rachmaninowa.<\/p>\n<p>Wi\u0119cej informacji:<\/p>\n<p><a href=\"https:\/\/filharmonia.lodz.pl\/pl\/wydarzenia\/koncert-symfoniczny-zapozyczenia\">KONCERT SYMFONICZNY \u2013 ZAPO\u017bYCZENIA | Filharmonia \u0141\u00f3dzka (lodz.pl)<\/a><\/p>","protected":false},"excerpt":{"rendered":"<p>Ju\u017c dzi\u015b o godz. 19:00 zapraszamy na koncert z udzia\u0142em reprezentowanego przez Stowarzyszenie im. Ludwiga van Beethovena Tymoteusza Biesa. Wyst\u0105pi on wraz z Krzysztofem Urbaniakiem (organy) i Orkiestr\u0105 Symfoniczn\u0105\u00a0 Filharmonii \u0141\u00f3dzkiej pod batut\u0105\u00a0Macieja Kotarby. W programie koncertu utwory J.S. Bacha, A. Vivaldiego i S. Rachmaninowa. Wi\u0119cej informacji: KONCERT SYMFONICZNY \u2013 ZAPO\u017bYCZENIA | Filharmonia \u0141\u00f3dzka (lodz.pl)<\/p>\n","protected":false},"author":2,"featured_media":0,"comment_status":"open","ping_status":"open","sticky":false,"template":"","format":"standard","meta":{"footnotes":""},"categories":[1],"tags":[],"class_list":["post-1217","post","type-post","status-publish","format-standard","hentry","category-bez-kategorii"],"_links":{"self":[{"href":"https:\/\/beethoven.org.pl\/impresariat\/wp-json\/wp\/v2\/posts\/1217","targetHints":{"allow":["GET"]}}],"collection":[{"href":"https:\/\/beethoven.org.pl\/impresariat\/wp-json\/wp\/v2\/posts"}],"about":[{"href":"https:\/\/beethoven.org.pl\/impresariat\/wp-json\/wp\/v2\/types\/post"}],"author":[{"embeddable":true,"href":"https:\/\/beethoven.org.pl\/impresariat\/wp-json\/wp\/v2\/users\/2"}],"replies":[{"embeddable":true,"href":"https:\/\/beethoven.org.pl\/impresariat\/wp-json\/wp\/v2\/comments?post=1217"}],"version-history":[{"count":1,"href":"https:\/\/beethoven.org.pl\/impresariat\/wp-json\/wp\/v2\/posts\/1217\/revisions"}],"predecessor-version":[{"id":1219,"href":"https:\/\/beethoven.org.pl\/impresariat\/wp-json\/wp\/v2\/posts\/1217\/revisions\/1219"}],"wp:attachment":[{"href":"https:\/\/beethoven.org.pl\/impresariat\/wp-json\/wp\/v2\/media?parent=1217"}],"wp:term":[{"taxonomy":"category","embeddable":true,"href":"https:\/\/beethoven.org.pl\/impresariat\/wp-json\/wp\/v2\/categories?post=1217"},{"taxonomy":"post_tag","embeddable":true,"href":"https:\/\/beethoven.org.pl\/impresariat\/wp-json\/wp\/v2\/tags?post=1217"}],"curies":[{"name":"wp","href":"https:\/\/api.w.org\/{rel}","templated":true}]}}