{"id":1213,"date":"2021-04-22T14:24:37","date_gmt":"2021-04-22T12:24:37","guid":{"rendered":"http:\/\/beethoven.org.pl\/impresariat\/?p=1213"},"modified":"2021-04-23T10:49:28","modified_gmt":"2021-04-23T08:49:28","slug":"living-in-inner-voices-aleksnadra-swigut","status":"publish","type":"post","link":"https:\/\/beethoven.org.pl\/impresariat\/2021\/04\/22\/living-in-inner-voices-aleksnadra-swigut\/","title":{"rendered":"Living in Inner Voices &#8211; Aleksnadra \u015awigut"},"content":{"rendered":"<p>Zapraszamy do wys\u0142uchania muzycznej produkcji Living in Inner Voices, wsp\u00f3\u0142tworzonego przez reprezentowan\u0105 przez Stowarzyszenie im. Ludwiga van Beethovena Aleksandr\u0119 \u015awigut. Projekt zosta\u0142 zadedykowany\u00a0El\u017cbiecie Pendereckiej w podzi\u0119kowaniu za wspieranie polskich artyst\u00f3w i wk\u0142ad w polsk\u0105 kultur\u0119 wykonawstwa muzyki klasycznej.<\/p>\n<p>Zapraszamy na nasz\u0105 platform\u0119 <a href=\"https:\/\/www.youtube.com\/channel\/UCy_jb41DRypCQTqi3CZOqeQ\">YouTube<\/a><\/p>","protected":false},"excerpt":{"rendered":"<p>Zapraszamy do wys\u0142uchania muzycznej produkcji Living in Inner Voices, wsp\u00f3\u0142tworzonego przez reprezentowan\u0105 przez Stowarzyszenie im. Ludwiga van Beethovena Aleksandr\u0119 \u015awigut. Projekt zosta\u0142 zadedykowany\u00a0El\u017cbiecie Pendereckiej w podzi\u0119kowaniu za wspieranie polskich artyst\u00f3w i wk\u0142ad w polsk\u0105 kultur\u0119 wykonawstwa muzyki klasycznej. Zapraszamy na nasz\u0105 platform\u0119 YouTube<\/p>\n","protected":false},"author":2,"featured_media":0,"comment_status":"open","ping_status":"open","sticky":false,"template":"","format":"standard","meta":{"footnotes":""},"categories":[1],"tags":[],"class_list":["post-1213","post","type-post","status-publish","format-standard","hentry","category-bez-kategorii"],"_links":{"self":[{"href":"https:\/\/beethoven.org.pl\/impresariat\/wp-json\/wp\/v2\/posts\/1213","targetHints":{"allow":["GET"]}}],"collection":[{"href":"https:\/\/beethoven.org.pl\/impresariat\/wp-json\/wp\/v2\/posts"}],"about":[{"href":"https:\/\/beethoven.org.pl\/impresariat\/wp-json\/wp\/v2\/types\/post"}],"author":[{"embeddable":true,"href":"https:\/\/beethoven.org.pl\/impresariat\/wp-json\/wp\/v2\/users\/2"}],"replies":[{"embeddable":true,"href":"https:\/\/beethoven.org.pl\/impresariat\/wp-json\/wp\/v2\/comments?post=1213"}],"version-history":[{"count":1,"href":"https:\/\/beethoven.org.pl\/impresariat\/wp-json\/wp\/v2\/posts\/1213\/revisions"}],"predecessor-version":[{"id":1215,"href":"https:\/\/beethoven.org.pl\/impresariat\/wp-json\/wp\/v2\/posts\/1213\/revisions\/1215"}],"wp:attachment":[{"href":"https:\/\/beethoven.org.pl\/impresariat\/wp-json\/wp\/v2\/media?parent=1213"}],"wp:term":[{"taxonomy":"category","embeddable":true,"href":"https:\/\/beethoven.org.pl\/impresariat\/wp-json\/wp\/v2\/categories?post=1213"},{"taxonomy":"post_tag","embeddable":true,"href":"https:\/\/beethoven.org.pl\/impresariat\/wp-json\/wp\/v2\/tags?post=1213"}],"curies":[{"name":"wp","href":"https:\/\/api.w.org\/{rel}","templated":true}]}}