{"id":1180,"date":"2020-05-14T13:35:10","date_gmt":"2020-05-14T11:35:10","guid":{"rendered":"http:\/\/beethoven.org.pl\/impresariat\/?p=1180"},"modified":"2020-05-14T14:11:05","modified_gmt":"2020-05-14T12:11:05","slug":"z-londynu-przez-warszawe-do-minska-premiera-online-lukasz-krupinski","status":"publish","type":"post","link":"https:\/\/beethoven.org.pl\/impresariat\/2020\/05\/14\/z-londynu-przez-warszawe-do-minska-premiera-online-lukasz-krupinski\/","title":{"rendered":"Z Londynu przez Warszaw\u0119 do Mi\u0144ska &#8211; premiera online \u0141ukasz Krupi\u0144ski"},"content":{"rendered":"<p><\/p>\n<div>\n<div>\n<div dir=\"auto\">\n<div dir=\"auto\">\n<div dir=\"auto\">\n<div>\n<div data-editor=\"6oh7v\" data-offset-key=\"dgk8s-0-0\" data-block=\"true\">\n<div class=\"_1mf _1mj\" data-offset-key=\"dgk8s-0-0\"><span data-offset-key=\"dgk8s-0-0\">W pi\u0105tek 15 maja 2020 roku o godzinie 18:00 czasu mi\u0144skiego (czyli godzinie 17:00 czasu warszawskiego) odb\u0119dzie si\u0119 premiera online koncertu jubileuszowego na 100 lecie urodzin \u015bw. Jana Paw\u0142a II w wykonaniu wybitnego polskiego pianisty m\u0142odego pokolenia \u0141ukasza Krupi\u0144skiego <\/span><span class=\"_247o\" data-offset-key=\"dgk8s-1-0\"><span data-offset-key=\"dgk8s-1-0\">Lucas Krupinski &#8211; Pianist<\/span><\/span><\/div>\n<\/div>\n<div data-editor=\"6oh7v\" data-offset-key=\"8cnje-0-0\" data-block=\"true\">\n<div class=\"_1mf _1mj\" data-offset-key=\"8cnje-0-0\"><span data-offset-key=\"8cnje-0-0\">Koncert b\u0119dzie dost\u0119pny na kanale YouTube Instytutu Polskiego w Mi\u0144sku pod linkiem: <\/span><span class=\"_3gl1 _5zz4\" style=\"margin: 0px 1px;text-align: center;vertical-align: middle;font-family: inherit;background-image: url('https:\/\/static.xx.fbcdn.net\/images\/emoji.php\/v9\/tc7\/1.5\/16\/25b6.png');height: 16px;width: 16px\" data-offset-key=\"8cnje-1-0\"><span class=\"_ncl\"><span data-offset-key=\"8cnje-1-0\"><\/span><\/span><\/span><span data-offset-key=\"8cnje-2-0\">https:\/\/youtu.be\/2Veu6a09Yf4<\/span><\/div>\n<\/div>\n<div data-editor=\"6oh7v\" data-offset-key=\"eg8u5-0-0\" data-block=\"true\">\n<div class=\"_1mf _1mj\" data-offset-key=\"eg8u5-0-0\"><span data-offset-key=\"eg8u5-0-0\">Nagranie recitalu odby\u0142o si\u0119 w Londynie na ponad 100-letnim fortepianie Steinwayu Koncertowym z ko\u0144ca XIX wieku w domu s\u0142ynnego polskiego kompozytora Andrzeja Panufnika.<\/span><\/div>\n<\/div>\n<div data-editor=\"6oh7v\" data-offset-key=\"2p2uc-0-0\" data-block=\"true\">\n<div class=\"_1mf _1mj\" data-offset-key=\"2p2uc-0-0\"><span data-offset-key=\"2p2uc-0-0\">Koncert zosta\u0142 zorganizowany z inicjatywy Instytutu Polskiego w Mi\u0144sku w ramach obchod\u00f3w rocznicy urodzin Jana Paw\u0142a II.<\/span><\/div>\n<\/div>\n<div data-editor=\"6oh7v\" data-offset-key=\"2befh-0-0\" data-block=\"true\">\n<div class=\"_1mf _1mj\" data-offset-key=\"2befh-0-0\"><span data-offset-key=\"2befh-0-0\">W programie koncertowym &#8211; utwory Fryderyka Chopina, Feliksa Mendelssohna oraz w aran\u017cacji \u0141ukasza Krupi\u0144skiego na fortepian solo pie\u015b\u0144 ,,Barka&#8221;. <\/span><\/div>\n<\/div>\n<\/div>\n<\/div>\n<\/div>\n<\/div>\n<\/div>\n<\/div>\n<p><\/p>","protected":false},"excerpt":{"rendered":"<p>W pi\u0105tek 15 maja 2020 roku o godzinie 18:00 czasu mi\u0144skiego (czyli godzinie 17:00 czasu warszawskiego) odb\u0119dzie si\u0119 premiera online koncertu jubileuszowego na 100 lecie urodzin \u015bw. Jana Paw\u0142a II w wykonaniu wybitnego polskiego pianisty m\u0142odego pokolenia \u0141ukasza Krupi\u0144skiego Lucas Krupinski &#8211; Pianist Koncert b\u0119dzie dost\u0119pny na kanale YouTube Instytutu Polskiego w Mi\u0144sku pod linkiem: [&hellip;]<\/p>\n","protected":false},"author":2,"featured_media":0,"comment_status":"open","ping_status":"open","sticky":false,"template":"","format":"standard","meta":{"footnotes":""},"categories":[1],"tags":[],"class_list":["post-1180","post","type-post","status-publish","format-standard","hentry","category-bez-kategorii"],"_links":{"self":[{"href":"https:\/\/beethoven.org.pl\/impresariat\/wp-json\/wp\/v2\/posts\/1180","targetHints":{"allow":["GET"]}}],"collection":[{"href":"https:\/\/beethoven.org.pl\/impresariat\/wp-json\/wp\/v2\/posts"}],"about":[{"href":"https:\/\/beethoven.org.pl\/impresariat\/wp-json\/wp\/v2\/types\/post"}],"author":[{"embeddable":true,"href":"https:\/\/beethoven.org.pl\/impresariat\/wp-json\/wp\/v2\/users\/2"}],"replies":[{"embeddable":true,"href":"https:\/\/beethoven.org.pl\/impresariat\/wp-json\/wp\/v2\/comments?post=1180"}],"version-history":[{"count":2,"href":"https:\/\/beethoven.org.pl\/impresariat\/wp-json\/wp\/v2\/posts\/1180\/revisions"}],"predecessor-version":[{"id":1182,"href":"https:\/\/beethoven.org.pl\/impresariat\/wp-json\/wp\/v2\/posts\/1180\/revisions\/1182"}],"wp:attachment":[{"href":"https:\/\/beethoven.org.pl\/impresariat\/wp-json\/wp\/v2\/media?parent=1180"}],"wp:term":[{"taxonomy":"category","embeddable":true,"href":"https:\/\/beethoven.org.pl\/impresariat\/wp-json\/wp\/v2\/categories?post=1180"},{"taxonomy":"post_tag","embeddable":true,"href":"https:\/\/beethoven.org.pl\/impresariat\/wp-json\/wp\/v2\/tags?post=1180"}],"curies":[{"name":"wp","href":"https:\/\/api.w.org\/{rel}","templated":true}]}}