{"id":1125,"date":"2020-01-16T14:17:46","date_gmt":"2020-01-16T13:17:46","guid":{"rendered":"http:\/\/beethoven.org.pl\/impresariat\/?p=1125"},"modified":"2020-01-29T15:21:13","modified_gmt":"2020-01-29T14:21:13","slug":"szymon-nehring-w-filharmonii-berlinskiej","status":"publish","type":"post","link":"https:\/\/beethoven.org.pl\/impresariat\/2020\/01\/16\/szymon-nehring-w-filharmonii-berlinskiej\/","title":{"rendered":"Szymon Nehring w Filharmonii Berli\u0144skiej!"},"content":{"rendered":"<p><img loading=\"lazy\" decoding=\"async\" class=\"size-medium wp-image-909 alignleft\" src=\"http:\/\/beethoven.org.pl\/impresariat\/wp-content\/uploads\/sites\/6\/2019\/01\/fot-Bartek-Barczyk-Archiwum-Stowarzyszenia-im-L-v-Beethovena-SZYMON_NEHRING_036-2-300x200.jpg\" alt=\"\" width=\"300\" height=\"200\" srcset=\"https:\/\/beethoven.org.pl\/impresariat\/wp-content\/uploads\/sites\/6\/2019\/01\/fot-Bartek-Barczyk-Archiwum-Stowarzyszenia-im-L-v-Beethovena-SZYMON_NEHRING_036-2-300x200.jpg 300w, https:\/\/beethoven.org.pl\/impresariat\/wp-content\/uploads\/sites\/6\/2019\/01\/fot-Bartek-Barczyk-Archiwum-Stowarzyszenia-im-L-v-Beethovena-SZYMON_NEHRING_036-2-768x512.jpg 768w, https:\/\/beethoven.org.pl\/impresariat\/wp-content\/uploads\/sites\/6\/2019\/01\/fot-Bartek-Barczyk-Archiwum-Stowarzyszenia-im-L-v-Beethovena-SZYMON_NEHRING_036-2-1024x683.jpg 1024w\" sizes=\"auto, (max-width: 300px) 100vw, 300px\" \/>30 stycznia Szymon Nehring wyst\u0105pi w Filharmonii Berli\u0144skiej w ramach serii koncert\u00f3w \u201eDeb\u00fct im Deutschlandfunk Kultur\u201c. Tradycja tych koncert\u00f3w si\u0119ga roku 1959. W blisko 60 letniej historii\u00a0 &#8222;Debiut\u00f3w&#8221; wyst\u0105pili tak znakomici arty\u015bci jak: Daniel Barenboim, Jessye Norman, Simon Rattle czy Cecilia Bartoli. W programie recitalu znajd\u0105 si\u0119 utwory Karola Szymanowskiego, Fryderyka Chopina oraz Sergieja Prokofiewa.<\/p>\n<p>Koncert b\u0119dzie transmitowany przez radio Deutschlandfunk Kultur.<\/p>\n<p>Wi\u0119cej informacji na stronie <a href=\"https:\/\/www.deutschlandfunkkultur.de\/debuet-im-deutschlandfunk-kultur-erbe-chopins-der-pianist.1091.de.html?dram%3Aarticle_id=463272&amp;fbclid=IwAR0FDhrVjsjFCqi-6dHP0F1dTSGtkaqUG_oK6RdhnC9G-4K1IuHwmkNezsE\">Deutschlandfunk Kultur<\/a><\/p>","protected":false},"excerpt":{"rendered":"<p>30 stycznia Szymon Nehring wyst\u0105pi w Filharmonii Berli\u0144skiej w ramach serii koncert\u00f3w \u201eDeb\u00fct im Deutschlandfunk Kultur\u201c. Tradycja tych koncert\u00f3w si\u0119ga roku 1959. W blisko 60 letniej historii\u00a0 &#8222;Debiut\u00f3w&#8221; wyst\u0105pili tak znakomici arty\u015bci jak: Daniel Barenboim, Jessye Norman, Simon Rattle czy Cecilia Bartoli. W programie recitalu znajd\u0105 si\u0119 utwory Karola Szymanowskiego, Fryderyka Chopina oraz Sergieja Prokofiewa. [&hellip;]<\/p>\n","protected":false},"author":2,"featured_media":0,"comment_status":"open","ping_status":"open","sticky":false,"template":"","format":"standard","meta":{"footnotes":""},"categories":[1],"tags":[],"class_list":["post-1125","post","type-post","status-publish","format-standard","hentry","category-bez-kategorii"],"_links":{"self":[{"href":"https:\/\/beethoven.org.pl\/impresariat\/wp-json\/wp\/v2\/posts\/1125","targetHints":{"allow":["GET"]}}],"collection":[{"href":"https:\/\/beethoven.org.pl\/impresariat\/wp-json\/wp\/v2\/posts"}],"about":[{"href":"https:\/\/beethoven.org.pl\/impresariat\/wp-json\/wp\/v2\/types\/post"}],"author":[{"embeddable":true,"href":"https:\/\/beethoven.org.pl\/impresariat\/wp-json\/wp\/v2\/users\/2"}],"replies":[{"embeddable":true,"href":"https:\/\/beethoven.org.pl\/impresariat\/wp-json\/wp\/v2\/comments?post=1125"}],"version-history":[{"count":7,"href":"https:\/\/beethoven.org.pl\/impresariat\/wp-json\/wp\/v2\/posts\/1125\/revisions"}],"predecessor-version":[{"id":1132,"href":"https:\/\/beethoven.org.pl\/impresariat\/wp-json\/wp\/v2\/posts\/1125\/revisions\/1132"}],"wp:attachment":[{"href":"https:\/\/beethoven.org.pl\/impresariat\/wp-json\/wp\/v2\/media?parent=1125"}],"wp:term":[{"taxonomy":"category","embeddable":true,"href":"https:\/\/beethoven.org.pl\/impresariat\/wp-json\/wp\/v2\/categories?post=1125"},{"taxonomy":"post_tag","embeddable":true,"href":"https:\/\/beethoven.org.pl\/impresariat\/wp-json\/wp\/v2\/tags?post=1125"}],"curies":[{"name":"wp","href":"https:\/\/api.w.org\/{rel}","templated":true}]}}