{"id":1111,"date":"2019-12-13T13:24:10","date_gmt":"2019-12-13T12:24:10","guid":{"rendered":"http:\/\/beethoven.org.pl\/impresariat\/?p=1111"},"modified":"2019-12-17T13:46:52","modified_gmt":"2019-12-17T12:46:52","slug":"szymon-nehring-i-orkiestra-akademii-beethovenowskiej-w-tbilisi","status":"publish","type":"post","link":"https:\/\/beethoven.org.pl\/impresariat\/2019\/12\/13\/szymon-nehring-i-orkiestra-akademii-beethovenowskiej-w-tbilisi\/","title":{"rendered":"Szymon Nehring i Orkiestra Akademii Beethovenowskiej w Tbilisi!"},"content":{"rendered":"<p><img loading=\"lazy\" decoding=\"async\" class=\"wp-image-1112 alignleft\" src=\"http:\/\/beethoven.org.pl\/impresariat\/wp-content\/uploads\/sites\/6\/2019\/12\/tibilisi-300x106.png\" alt=\"\" width=\"495\" height=\"175\" srcset=\"https:\/\/beethoven.org.pl\/impresariat\/wp-content\/uploads\/sites\/6\/2019\/12\/tibilisi-300x106.png 300w, https:\/\/beethoven.org.pl\/impresariat\/wp-content\/uploads\/sites\/6\/2019\/12\/tibilisi-768x272.png 768w, https:\/\/beethoven.org.pl\/impresariat\/wp-content\/uploads\/sites\/6\/2019\/12\/tibilisi-1024x363.png 1024w, https:\/\/beethoven.org.pl\/impresariat\/wp-content\/uploads\/sites\/6\/2019\/12\/tibilisi.png 1888w\" sizes=\"auto, (max-width: 495px) 100vw, 495px\" \/>14 grudnia odb\u0119dzie si\u0119 w Tibilisi koncert w ramach obchod\u00f3w jubileuszu 100-lecia relacji dyplomatycznych Polski i Gruzji. Arty\u015bci obu kraj\u00f3w wykonaj\u0105 muzyk\u0119 polskich mistrz\u00f3w w legendarnym miejscu Tbilisi Georgian National Youth Palace. Projekt jest cz\u0119\u015bci\u0105 festiwalu presti\u017cowego cyklu Classical Music in Alternative Environment. Projekt dofinansowano ze \u015brodk\u00f3w Ministra Kultury i Dziedzictwa Narodowego pochodz\u0105cych z Funduszu Promocji Kultury przy wsp\u00f3\u0142pracy z L.E.P.L. Classical Music Preservation Development and Popularization.<\/p>\n<p>&nbsp;<\/p>\n<p><strong>W programie<\/strong><br \/>\nKrzysztof Penderecki &#8211; <em>Agnus Dei<\/em><br \/>\nFryderyk Chopin &#8211; <em>Koncert fortepianowy f-moll <\/em>op. 21<br \/>\nEdward Grieg &#8211; <em>Kwartet smyczkowy g-moll<\/em> (wersja na orkiestr\u0119 smyczkow\u0105)<br \/>\nMieczys\u0142aw Kar\u0142owicz &#8211; Serenada <em>Walc z serenady C-dur<br \/>\n<\/em><\/p>\n<p>Szymon Nehring \u2013 fortepian<br \/>\nMirian Khukhunaishvili \u2013 dyrygent<br \/>\nKrzysztof Kokoszewski \u2013 go\u015bcinny koncertmistrz<br \/>\nOrkiestra Akademii Beethovenowskiej<\/p>\n<p>Wi\u0119cej informacji na stronie <a href=\"http:\/\/www.oab.com.pl\/index.php\/kalendarium\/14-12-2019-polska-muzyka-w-tibilisi\">Orkiestry<\/a><\/p>","protected":false},"excerpt":{"rendered":"<p>14 grudnia odb\u0119dzie si\u0119 w Tibilisi koncert w ramach obchod\u00f3w jubileuszu 100-lecia relacji dyplomatycznych Polski i Gruzji. Arty\u015bci obu kraj\u00f3w wykonaj\u0105 muzyk\u0119 polskich mistrz\u00f3w w legendarnym miejscu Tbilisi Georgian National Youth Palace. Projekt jest cz\u0119\u015bci\u0105 festiwalu presti\u017cowego cyklu Classical Music in Alternative Environment. Projekt dofinansowano ze \u015brodk\u00f3w Ministra Kultury i Dziedzictwa Narodowego pochodz\u0105cych z Funduszu [&hellip;]<\/p>\n","protected":false},"author":2,"featured_media":0,"comment_status":"open","ping_status":"open","sticky":false,"template":"","format":"standard","meta":{"footnotes":""},"categories":[1],"tags":[],"class_list":["post-1111","post","type-post","status-publish","format-standard","hentry","category-bez-kategorii"],"_links":{"self":[{"href":"https:\/\/beethoven.org.pl\/impresariat\/wp-json\/wp\/v2\/posts\/1111","targetHints":{"allow":["GET"]}}],"collection":[{"href":"https:\/\/beethoven.org.pl\/impresariat\/wp-json\/wp\/v2\/posts"}],"about":[{"href":"https:\/\/beethoven.org.pl\/impresariat\/wp-json\/wp\/v2\/types\/post"}],"author":[{"embeddable":true,"href":"https:\/\/beethoven.org.pl\/impresariat\/wp-json\/wp\/v2\/users\/2"}],"replies":[{"embeddable":true,"href":"https:\/\/beethoven.org.pl\/impresariat\/wp-json\/wp\/v2\/comments?post=1111"}],"version-history":[{"count":1,"href":"https:\/\/beethoven.org.pl\/impresariat\/wp-json\/wp\/v2\/posts\/1111\/revisions"}],"predecessor-version":[{"id":1115,"href":"https:\/\/beethoven.org.pl\/impresariat\/wp-json\/wp\/v2\/posts\/1111\/revisions\/1115"}],"wp:attachment":[{"href":"https:\/\/beethoven.org.pl\/impresariat\/wp-json\/wp\/v2\/media?parent=1111"}],"wp:term":[{"taxonomy":"category","embeddable":true,"href":"https:\/\/beethoven.org.pl\/impresariat\/wp-json\/wp\/v2\/categories?post=1111"},{"taxonomy":"post_tag","embeddable":true,"href":"https:\/\/beethoven.org.pl\/impresariat\/wp-json\/wp\/v2\/tags?post=1111"}],"curies":[{"name":"wp","href":"https:\/\/api.w.org\/{rel}","templated":true}]}}