{"id":1090,"date":"2019-12-04T11:21:09","date_gmt":"2019-12-04T10:21:09","guid":{"rendered":"http:\/\/beethoven.org.pl\/impresariat\/?p=1090"},"modified":"2019-12-05T11:25:43","modified_gmt":"2019-12-05T10:25:43","slug":"wywiad-z-szymonem-nehringiem-w-international-piano-magazine","status":"publish","type":"post","link":"https:\/\/beethoven.org.pl\/impresariat\/2019\/12\/04\/wywiad-z-szymonem-nehringiem-w-international-piano-magazine\/","title":{"rendered":"Wywiad z Szymonem Nehringiem w International Piano Magazine"},"content":{"rendered":"<p><img loading=\"lazy\" decoding=\"async\" class=\"size-medium wp-image-1091 alignleft\" src=\"http:\/\/beethoven.org.pl\/impresariat\/wp-content\/uploads\/sites\/6\/2019\/12\/int-piano-2-300x207.png\" alt=\"\" width=\"300\" height=\"207\" srcset=\"https:\/\/beethoven.org.pl\/impresariat\/wp-content\/uploads\/sites\/6\/2019\/12\/int-piano-2-300x207.png 300w, https:\/\/beethoven.org.pl\/impresariat\/wp-content\/uploads\/sites\/6\/2019\/12\/int-piano-2-768x531.png 768w, https:\/\/beethoven.org.pl\/impresariat\/wp-content\/uploads\/sites\/6\/2019\/12\/int-piano-2.png 774w\" sizes=\"auto, (max-width: 300px) 100vw, 300px\" \/>W grudniowym numerze International Piano Magazine ukaza\u0142 si\u0119 wywiad z Szymon Nehring! Z Artyst\u0105 rozmawia\u0142 Simon Mundy. Zapraszamy do lektury!<\/p>\n<p>Ca\u0142y wywiad dost\u0119pny <a href=\"http:\/\/beethoven.org.pl\/impresariat\/wp-content\/uploads\/sites\/6\/2019\/12\/Szymon-Nehring.pdf\">tutaj<\/a><\/p>","protected":false},"excerpt":{"rendered":"<p>W grudniowym numerze International Piano Magazine ukaza\u0142 si\u0119 wywiad z Szymon Nehring! Z Artyst\u0105 rozmawia\u0142 Simon Mundy. Zapraszamy do lektury! Ca\u0142y wywiad dost\u0119pny tutaj<\/p>\n","protected":false},"author":2,"featured_media":0,"comment_status":"open","ping_status":"open","sticky":false,"template":"","format":"standard","meta":{"footnotes":""},"categories":[1],"tags":[],"class_list":["post-1090","post","type-post","status-publish","format-standard","hentry","category-bez-kategorii"],"_links":{"self":[{"href":"https:\/\/beethoven.org.pl\/impresariat\/wp-json\/wp\/v2\/posts\/1090","targetHints":{"allow":["GET"]}}],"collection":[{"href":"https:\/\/beethoven.org.pl\/impresariat\/wp-json\/wp\/v2\/posts"}],"about":[{"href":"https:\/\/beethoven.org.pl\/impresariat\/wp-json\/wp\/v2\/types\/post"}],"author":[{"embeddable":true,"href":"https:\/\/beethoven.org.pl\/impresariat\/wp-json\/wp\/v2\/users\/2"}],"replies":[{"embeddable":true,"href":"https:\/\/beethoven.org.pl\/impresariat\/wp-json\/wp\/v2\/comments?post=1090"}],"version-history":[{"count":1,"href":"https:\/\/beethoven.org.pl\/impresariat\/wp-json\/wp\/v2\/posts\/1090\/revisions"}],"predecessor-version":[{"id":1096,"href":"https:\/\/beethoven.org.pl\/impresariat\/wp-json\/wp\/v2\/posts\/1090\/revisions\/1096"}],"wp:attachment":[{"href":"https:\/\/beethoven.org.pl\/impresariat\/wp-json\/wp\/v2\/media?parent=1090"}],"wp:term":[{"taxonomy":"category","embeddable":true,"href":"https:\/\/beethoven.org.pl\/impresariat\/wp-json\/wp\/v2\/categories?post=1090"},{"taxonomy":"post_tag","embeddable":true,"href":"https:\/\/beethoven.org.pl\/impresariat\/wp-json\/wp\/v2\/tags?post=1090"}],"curies":[{"name":"wp","href":"https:\/\/api.w.org\/{rel}","templated":true}]}}