{"id":1071,"date":"2019-11-13T13:33:40","date_gmt":"2019-11-13T12:33:40","guid":{"rendered":"http:\/\/beethoven.org.pl\/impresariat\/?p=1071"},"modified":"2019-11-13T13:45:22","modified_gmt":"2019-11-13T12:45:22","slug":"english-special-concert-with-lukasz-krupinski-szymon-nehring-and-krzysztof-penderecki","status":"publish","type":"post","link":"https:\/\/beethoven.org.pl\/impresariat\/2019\/11\/13\/english-special-concert-with-lukasz-krupinski-szymon-nehring-and-krzysztof-penderecki\/","title":{"rendered":"Koncert specjalny w Jerozolimie"},"content":{"rendered":"<p><\/p>\n<div class=\"ec Artists\">\n<p><img loading=\"lazy\" decoding=\"async\" class=\" wp-image-1074 alignleft\" src=\"http:\/\/beethoven.org.pl\/impresariat\/wp-content\/uploads\/sites\/6\/2019\/11\/www-300x131.png\" alt=\"\" width=\"591\" height=\"258\" srcset=\"https:\/\/beethoven.org.pl\/impresariat\/wp-content\/uploads\/sites\/6\/2019\/11\/www-300x131.png 300w, https:\/\/beethoven.org.pl\/impresariat\/wp-content\/uploads\/sites\/6\/2019\/11\/www-768x335.png 768w, https:\/\/beethoven.org.pl\/impresariat\/wp-content\/uploads\/sites\/6\/2019\/11\/www-1024x447.png 1024w, https:\/\/beethoven.org.pl\/impresariat\/wp-content\/uploads\/sites\/6\/2019\/11\/www.png 1462w\" sizes=\"auto, (max-width: 591px) 100vw, 591px\" \/>16 listopada odb\u0119dzie si\u0119 w Izraelu specjalny koncert z udzia\u0142em Maestro Krzysztofa Pendereckiego oraz dw\u00f3ch pianist\u00f3w reprezentowanych przez nasze Stowarzyszenie: \u0141ukasza Krupi\u0144skiego i Szymona Nehringa.\u00a0 W programie zabrzmi\u0105 kompozycje Pendereckiego oraz koncerty fortepianowe I. J. Paderewskiego oraz Fryderyka Chopina.<\/p>\n<p><strong>16 listopada, sobota, godz. 20<\/strong><\/p>\n<p><strong>Krzysztof<\/strong> <strong>Penderecki<\/strong>, dyrygent<br \/>\n<strong>Maciej Tworek<\/strong>, dyrygent<br \/>\n<strong>\u0141ukasz Krupi\u0144ski<\/strong>, fortepian<br \/>\n<strong>Szymon Nehring<\/strong>, fortepian<br \/>\n<strong>Dorel Golan<\/strong>, fortepian<\/p>\n<\/div>\n<div class=\"headline sec\">\n<h4 class=\"tit t1\">Program<br \/>\n<span style=\"font-weight: normal\">Krzysztof Penderecki \u2013 <em>Chaconne<\/em> z <em>Polskiego Requiem<\/em><br \/>\nKrzysztof Penderecki \u2013 <em>Koncert fortepianowy &#8222;Resurrection&#8221;<\/em><br \/>\nIgnacy Jan Paderewski \u2013 <em>Koncert fortepianowy<\/em><br \/>\nFryderyk Chopin \u2013 <em>II Koncert fortepianowy<\/em><br \/>\n<\/span><\/h4>\n<p><strong>Wi\u0119cej informacji: <a href=\"http:\/\/www.jso.co.il\/en\/concert\/pianos-festival-krzysztof-penderecki-conducts-the-jso-in-a-special-concert-with-pianists-szymon-nehring-and-david-fray\/\">tutaj<\/a><\/strong><\/p>\n<\/div>\n<p><\/p>","protected":false},"excerpt":{"rendered":"<p>16 listopada odb\u0119dzie si\u0119 w Izraelu specjalny koncert z udzia\u0142em Maestro Krzysztofa Pendereckiego oraz dw\u00f3ch pianist\u00f3w reprezentowanych przez nasze Stowarzyszenie: \u0141ukasza Krupi\u0144skiego i Szymona Nehringa.\u00a0 W programie zabrzmi\u0105 kompozycje Pendereckiego oraz koncerty fortepianowe I. J. Paderewskiego oraz Fryderyka Chopina. 16 listopada, sobota, godz. 20 Krzysztof Penderecki, dyrygent Maciej Tworek, dyrygent \u0141ukasz Krupi\u0144ski, fortepian Szymon Nehring, [&hellip;]<\/p>\n","protected":false},"author":2,"featured_media":0,"comment_status":"open","ping_status":"open","sticky":false,"template":"","format":"standard","meta":{"footnotes":""},"categories":[1],"tags":[],"class_list":["post-1071","post","type-post","status-publish","format-standard","hentry","category-bez-kategorii"],"_links":{"self":[{"href":"https:\/\/beethoven.org.pl\/impresariat\/wp-json\/wp\/v2\/posts\/1071","targetHints":{"allow":["GET"]}}],"collection":[{"href":"https:\/\/beethoven.org.pl\/impresariat\/wp-json\/wp\/v2\/posts"}],"about":[{"href":"https:\/\/beethoven.org.pl\/impresariat\/wp-json\/wp\/v2\/types\/post"}],"author":[{"embeddable":true,"href":"https:\/\/beethoven.org.pl\/impresariat\/wp-json\/wp\/v2\/users\/2"}],"replies":[{"embeddable":true,"href":"https:\/\/beethoven.org.pl\/impresariat\/wp-json\/wp\/v2\/comments?post=1071"}],"version-history":[{"count":12,"href":"https:\/\/beethoven.org.pl\/impresariat\/wp-json\/wp\/v2\/posts\/1071\/revisions"}],"predecessor-version":[{"id":1085,"href":"https:\/\/beethoven.org.pl\/impresariat\/wp-json\/wp\/v2\/posts\/1071\/revisions\/1085"}],"wp:attachment":[{"href":"https:\/\/beethoven.org.pl\/impresariat\/wp-json\/wp\/v2\/media?parent=1071"}],"wp:term":[{"taxonomy":"category","embeddable":true,"href":"https:\/\/beethoven.org.pl\/impresariat\/wp-json\/wp\/v2\/categories?post=1071"},{"taxonomy":"post_tag","embeddable":true,"href":"https:\/\/beethoven.org.pl\/impresariat\/wp-json\/wp\/v2\/tags?post=1071"}],"curies":[{"name":"wp","href":"https:\/\/api.w.org\/{rel}","templated":true}]}}