{"id":1057,"date":"2019-11-05T10:14:26","date_gmt":"2019-11-05T09:14:26","guid":{"rendered":"http:\/\/beethoven.org.pl\/impresariat\/?p=1057"},"modified":"2019-11-05T10:14:26","modified_gmt":"2019-11-05T09:14:26","slug":"gdanska-jesien-pianistyczna","status":"publish","type":"post","link":"https:\/\/beethoven.org.pl\/impresariat\/2019\/11\/05\/gdanska-jesien-pianistyczna\/","title":{"rendered":"Gda\u0144ska Jesie\u0144 Pianistyczna"},"content":{"rendered":"<p><img loading=\"lazy\" decoding=\"async\" class=\"size-medium wp-image-1058 alignleft\" src=\"http:\/\/beethoven.org.pl\/impresariat\/wp-content\/uploads\/sites\/6\/2019\/11\/72085112_10157632394876665_1311025899381981184_o-300x169.jpg\" alt=\"\" width=\"300\" height=\"169\" srcset=\"https:\/\/beethoven.org.pl\/impresariat\/wp-content\/uploads\/sites\/6\/2019\/11\/72085112_10157632394876665_1311025899381981184_o-300x169.jpg 300w, https:\/\/beethoven.org.pl\/impresariat\/wp-content\/uploads\/sites\/6\/2019\/11\/72085112_10157632394876665_1311025899381981184_o-768x432.jpg 768w, https:\/\/beethoven.org.pl\/impresariat\/wp-content\/uploads\/sites\/6\/2019\/11\/72085112_10157632394876665_1311025899381981184_o-1024x576.jpg 1024w, https:\/\/beethoven.org.pl\/impresariat\/wp-content\/uploads\/sites\/6\/2019\/11\/72085112_10157632394876665_1311025899381981184_o.jpg 1920w\" sizes=\"auto, (max-width: 300px) 100vw, 300px\" \/>Koncertem Szymona Nehringa rozpocznie si\u0119 tegoroczna Gda\u0144ska Jesie\u0144 Pianistyczna. W programie V Koncert fortepianowy Beethovena.<\/p>\n<p>8 listopada zapraszamy na Inauguracj\u0119 Gda\u0144skiej Jesieni Pianistycznej.Dwa arcydzie\u0142a wielkiej symfoniki prezentowane na koncercie inauguruj\u0105cym, cho\u0107 powsta\u0142y zaledwie w odst\u0119pie 70 lat stanowi\u0105 dwa bieguny, je\u017celi o chodzi o wyraz i ekspresj\u0119. V Koncert fortepianowy Es-dur Beethovena to sztuka apolli\u0144ska, kt\u00f3r\u0105 cechuje niezwyk\u0142a r\u00f3wnowaga, spok\u00f3j i wywa\u017cenie proporcji. Fortepian i orkiestra stanowi\u0105 tu przeciwstawne, zmagaj\u0105ce si\u0119 si\u0142y, ale w ca\u0142o\u015bci dzie\u0142a panuje prawdziwe olimpijski spok\u00f3j. Nic dziwnego, \u017ce koncert ten otrzyma\u0142 przydomek Cesarski.<\/p>\n<p>Natomiast V Symfonia Czajkowskiego to wybuch nami\u0119tno\u015bci. Chocia\u017c Czajkowski zachowuje klasyczn\u0105 form\u0119 czterocz\u0119\u015bciowej symfonii, wywodz\u0105cej si\u0119 z beethovenowskich tradycji, nape\u0142nia te klasyczn\u0105 form\u0105 romantycznymi tre\u015bciami. Dokonuje zreszt\u0105 pewnej wa\u017cnej modyfikacji klasycznej formy, poniewa\u017c podobnie jak w IV Symfonii Czajkowski wprowadza temat przewodni, kt\u00f3ry przewija si\u0119 przez wszystkie cz\u0119\u015bci. I chocia\u017c V Symfonia nie posiada programu, mamy wra\u017cenie, \u017ce przewijaj\u0105cy si\u0119 poprzez wszystkie cz\u0119\u015bci temat ma charakter tematu losu, podobnie jak to ma miejsce w IV Symfonii, gdzie sam kompozytor tak wyja\u015bnia swoj\u0105 my\u015bl muzyczn\u0105. Oba wielkie dzie\u0142a us\u0142yszymy w wykonaniu znakomitych polskich wykonawc\u00f3w. M\u0142ody pianista Szymon Nehring, kt\u00f3rego karier\u0119 rozpocz\u0105\u0142 sukces na Konkursie Chopinowskim, wyra\u017anie rozszerza sw\u00f3j repertuar poza romantyczne ramy i ch\u0119tnie si\u0119ga zar\u00f3wno do klasyki, jak i muzyki XX wieku. Marek Pijarowski &#8211; jeden z najbardziej do\u015bwiadczonych polskich dyrygent\u00f3w, wyk\u0142adowca Akademii Muzycznej we Wroc\u0142awiu i I dyrygent Filharmonii Pozna\u0144skiej jest cz\u0119stym i cenionym go\u015bciem polskich filharmonii. <em>(info organizatora)<\/em><\/p>","protected":false},"excerpt":{"rendered":"<p>Koncertem Szymona Nehringa rozpocznie si\u0119 tegoroczna Gda\u0144ska Jesie\u0144 Pianistyczna. W programie V Koncert fortepianowy Beethovena. 8 listopada zapraszamy na Inauguracj\u0119 Gda\u0144skiej Jesieni Pianistycznej.Dwa arcydzie\u0142a wielkiej symfoniki prezentowane na koncercie inauguruj\u0105cym, cho\u0107 powsta\u0142y zaledwie w odst\u0119pie 70 lat stanowi\u0105 dwa bieguny, je\u017celi o chodzi o wyraz i ekspresj\u0119. V Koncert fortepianowy Es-dur Beethovena to sztuka apolli\u0144ska, [&hellip;]<\/p>\n","protected":false},"author":2,"featured_media":0,"comment_status":"open","ping_status":"open","sticky":false,"template":"","format":"standard","meta":{"footnotes":""},"categories":[1],"tags":[],"class_list":["post-1057","post","type-post","status-publish","format-standard","hentry","category-bez-kategorii"],"_links":{"self":[{"href":"https:\/\/beethoven.org.pl\/impresariat\/wp-json\/wp\/v2\/posts\/1057","targetHints":{"allow":["GET"]}}],"collection":[{"href":"https:\/\/beethoven.org.pl\/impresariat\/wp-json\/wp\/v2\/posts"}],"about":[{"href":"https:\/\/beethoven.org.pl\/impresariat\/wp-json\/wp\/v2\/types\/post"}],"author":[{"embeddable":true,"href":"https:\/\/beethoven.org.pl\/impresariat\/wp-json\/wp\/v2\/users\/2"}],"replies":[{"embeddable":true,"href":"https:\/\/beethoven.org.pl\/impresariat\/wp-json\/wp\/v2\/comments?post=1057"}],"version-history":[{"count":1,"href":"https:\/\/beethoven.org.pl\/impresariat\/wp-json\/wp\/v2\/posts\/1057\/revisions"}],"predecessor-version":[{"id":1061,"href":"https:\/\/beethoven.org.pl\/impresariat\/wp-json\/wp\/v2\/posts\/1057\/revisions\/1061"}],"wp:attachment":[{"href":"https:\/\/beethoven.org.pl\/impresariat\/wp-json\/wp\/v2\/media?parent=1057"}],"wp:term":[{"taxonomy":"category","embeddable":true,"href":"https:\/\/beethoven.org.pl\/impresariat\/wp-json\/wp\/v2\/categories?post=1057"},{"taxonomy":"post_tag","embeddable":true,"href":"https:\/\/beethoven.org.pl\/impresariat\/wp-json\/wp\/v2\/tags?post=1057"}],"curies":[{"name":"wp","href":"https:\/\/api.w.org\/{rel}","templated":true}]}}