{"id":1045,"date":"2019-09-25T13:48:01","date_gmt":"2019-09-25T11:48:01","guid":{"rendered":"http:\/\/beethoven.org.pl\/impresariat\/?p=1045"},"modified":"2019-10-01T13:48:15","modified_gmt":"2019-10-01T11:48:15","slug":"koncert-dawida-runtza-na-szalonych-dniach-muzyki","status":"publish","type":"post","link":"https:\/\/beethoven.org.pl\/impresariat\/2019\/09\/25\/koncert-dawida-runtza-na-szalonych-dniach-muzyki\/","title":{"rendered":"Koncert Dawida Runtza na Szalonych Dniach Muzyki"},"content":{"rendered":"<p><img loading=\"lazy\" decoding=\"async\" class=\"size-medium wp-image-423 alignleft\" src=\"http:\/\/beethoven.org.pl\/impresariat\/wp-content\/uploads\/sites\/6\/2017\/05\/Dawid-Runtz-fot-Rados\u0142aw-Adamczyk-31-200x300.jpg\" alt=\"\" width=\"200\" height=\"300\" srcset=\"https:\/\/beethoven.org.pl\/impresariat\/wp-content\/uploads\/sites\/6\/2017\/05\/Dawid-Runtz-fot-Rados\u0142aw-Adamczyk-31-200x300.jpg 200w, https:\/\/beethoven.org.pl\/impresariat\/wp-content\/uploads\/sites\/6\/2017\/05\/Dawid-Runtz-fot-Rados\u0142aw-Adamczyk-31-768x1152.jpg 768w, https:\/\/beethoven.org.pl\/impresariat\/wp-content\/uploads\/sites\/6\/2017\/05\/Dawid-Runtz-fot-Rados\u0142aw-Adamczyk-31-683x1024.jpg 683w\" sizes=\"auto, (max-width: 200px) 100vw, 200px\" \/>Dzi\u0119ki obchodom Roku Moniuszkowskiego opera <em>Paria<\/em> Stanis\u0142awa Moniuszki wreszcie zosta\u0142a przybli\u017cona szerszej publiczno\u015bci. Wyr\u00f3\u017cnia si\u0119 ona na tle bardziej znanych oper Moniuszki, poniewa\u017c w odr\u00f3\u017cnieniu od pozosta\u0142ych jej akcja toczy si\u0119 w Indiach. Wp\u0142ywa to na jej j\u0119zyk muzyczny, kt\u00f3ry staje si\u0119 odmienny od tego, kt\u00f3ry znamy chocia\u017cby ze <em>Strasznego Dworu<\/em>.<\/p>\n<p><em>Suita Algierska <\/em>Camille\u2019a Saint-Sa\u00ebnsa to wyraz umi\u0142owania kompozytora dla Algierii. Podczas pierwszej wizyty w tym kraju skomponowa\u0142 cz\u0119\u015b\u0107 trzeci\u0105 \u2013 <em>R\u00eaverie du soir <\/em>(z fr. \u201ewieczorne rozmy\u015blania\u201d). Odnios\u0142a ona wielki sukces, dlatego kompozytor postanowi\u0142 dopisa\u0107 jeszcze trzy algierskie impresje. Ka\u017cda z nich ma sw\u00f3j program \u2013 tre\u015b\u0107 pozamuzyczn\u0105, kt\u00f3r\u0105 kompozytor ilustruje za pomoc\u0105 muzyki. Pierwsza z cz\u0119\u015bci przedstawia panoram\u0119 Algieru widzian\u0105 ze statku, druga opowiada o barwnym, pe\u0142nym muzyki i ta\u0144ca \u017cyciu w tamtejszych kawiarniach, trzecia ilustruje noc sp\u0119dzon\u0105 na pustyni w oazie, natomiast ostatnia odmalowuje scen\u0119 wej\u015bcia pu\u0142ku wojska francuskiego do malowniczego, nieco chaotycznego miasta.<\/p>\n<p>Na partyturze uwertury <em>Helios<\/em> du\u0144ski kompozytor Carl Nielsen napisa\u0142:<\/p>\n<p>\u201eCisza i ciemno\u015b\u0107.<br \/>\nS\u0142o\u0144ce wschodzi w radosnej pie\u015bni pochwalnej,<br \/>\nw\u0119druje sw\u0105 z\u0142ot\u0105 drog\u0105,<br \/>\ni zatapia si\u0119 cicho w otch\u0142ani morza\u201d.<\/p>\n<p>Kompozytor mia\u0142 okazj\u0119 obserwowa\u0107 t\u0119 w\u0119dr\u00f3wk\u0119 s\u0142o\u0144ca w Atenach. Pojecha\u0142 tam ze swoj\u0105 \u017con\u0105, Ann\u0105 Mari\u0105, badaczk\u0105 sztuki antycznej Grecji. <em>Escales<\/em>, tytu\u0142 tej suity symfonicznej Jaquesa Iberta mo\u017cna przet\u0142umaczy\u0107 jako \u201eprzystanki\u201d. Utw\u00f3r ten jest bowiem zapisem podr\u00f3\u017cy kompozytora, a kolejne cz\u0119\u015bci s\u0105 muzycznymi poczt\u00f3wkami z miast, przez kt\u00f3re przeje\u017cd\u017ca\u0142. Z utworu mo\u017cemy zatem si\u0119 dowiedzie\u0107, \u017ce Ibert odwiedzi\u0142 <em>Rzym <\/em>\u2013<em> Pary\u017c<\/em> (cz\u0119\u015b\u0107 pierwsza), <em>Tunis <\/em>\u2013<em> Neft\u0119 <\/em>(cz\u0119\u015b\u0107 druga) oraz <em>Walencj\u0119 <\/em>(cz\u0119\u015b\u0107 trzecia).<\/p>\n<div class=\"box-single wykonawcy\">\n<p><strong>Orkiestra Symfoniczna Filharmonii Narodowej<br \/>\n<\/strong><strong>Dawid Runtz<\/strong> dyrygent<\/p>\n<\/div>\n<div class=\"box-single program\">\n<h2 class=\"box-title\">Program<\/h2>\n<p><strong>Stanis\u0142aw Moniuszko<\/strong>\u00a0Uwertura do opery \u201eParia\u201d<br \/>\n<strong>Camille<\/strong> <strong>Saint-Sa\u00ebns<\/strong>\u00a0<em>Suite alg\u00e9rienne<\/em> C-dur op. 60<br \/>\n<strong>Carl Nielsen<\/strong>\u00a0 Helios, uwertura op.17<br \/>\n<strong>Jacques Ibert<\/strong>\u00a0Escales<\/p>\n<\/div>\n<p><\/p>","protected":false},"excerpt":{"rendered":"<p>Dzi\u0119ki obchodom Roku Moniuszkowskiego opera Paria Stanis\u0142awa Moniuszki wreszcie zosta\u0142a przybli\u017cona szerszej publiczno\u015bci. Wyr\u00f3\u017cnia si\u0119 ona na tle bardziej znanych oper Moniuszki, poniewa\u017c w odr\u00f3\u017cnieniu od pozosta\u0142ych jej akcja toczy si\u0119 w Indiach. Wp\u0142ywa to na jej j\u0119zyk muzyczny, kt\u00f3ry staje si\u0119 odmienny od tego, kt\u00f3ry znamy chocia\u017cby ze Strasznego Dworu. Suita Algierska Camille\u2019a Saint-Sa\u00ebnsa [&hellip;]<\/p>\n","protected":false},"author":2,"featured_media":0,"comment_status":"open","ping_status":"open","sticky":false,"template":"","format":"standard","meta":{"footnotes":""},"categories":[1],"tags":[],"class_list":["post-1045","post","type-post","status-publish","format-standard","hentry","category-bez-kategorii"],"_links":{"self":[{"href":"https:\/\/beethoven.org.pl\/impresariat\/wp-json\/wp\/v2\/posts\/1045","targetHints":{"allow":["GET"]}}],"collection":[{"href":"https:\/\/beethoven.org.pl\/impresariat\/wp-json\/wp\/v2\/posts"}],"about":[{"href":"https:\/\/beethoven.org.pl\/impresariat\/wp-json\/wp\/v2\/types\/post"}],"author":[{"embeddable":true,"href":"https:\/\/beethoven.org.pl\/impresariat\/wp-json\/wp\/v2\/users\/2"}],"replies":[{"embeddable":true,"href":"https:\/\/beethoven.org.pl\/impresariat\/wp-json\/wp\/v2\/comments?post=1045"}],"version-history":[{"count":1,"href":"https:\/\/beethoven.org.pl\/impresariat\/wp-json\/wp\/v2\/posts\/1045\/revisions"}],"predecessor-version":[{"id":1046,"href":"https:\/\/beethoven.org.pl\/impresariat\/wp-json\/wp\/v2\/posts\/1045\/revisions\/1046"}],"wp:attachment":[{"href":"https:\/\/beethoven.org.pl\/impresariat\/wp-json\/wp\/v2\/media?parent=1045"}],"wp:term":[{"taxonomy":"category","embeddable":true,"href":"https:\/\/beethoven.org.pl\/impresariat\/wp-json\/wp\/v2\/categories?post=1045"},{"taxonomy":"post_tag","embeddable":true,"href":"https:\/\/beethoven.org.pl\/impresariat\/wp-json\/wp\/v2\/tags?post=1045"}],"curies":[{"name":"wp","href":"https:\/\/api.w.org\/{rel}","templated":true}]}}