{"id":1039,"date":"2019-09-16T11:57:55","date_gmt":"2019-09-16T09:57:55","guid":{"rendered":"http:\/\/beethoven.org.pl\/impresariat\/?p=1039"},"modified":"2019-09-16T11:58:44","modified_gmt":"2019-09-16T09:58:44","slug":"koncert-lukasza-krupinskiego-na-38-miedzynarodowym-festiwalu-chopin-w-barwach-jesieni","status":"publish","type":"post","link":"https:\/\/beethoven.org.pl\/impresariat\/2019\/09\/16\/koncert-lukasza-krupinskiego-na-38-miedzynarodowym-festiwalu-chopin-w-barwach-jesieni\/","title":{"rendered":"Koncert \u0141ukasza Krupi\u0144skiego na 38. Mi\u0119dzynarodowym Festiwalu \u201eChopin w barwach jesieni\u201d"},"content":{"rendered":"<p>38. Mi\u0119dzynarodowy Festiwal \u201eChopin w barwach jesieni\u201d<\/p>\n<p><img loading=\"lazy\" decoding=\"async\" class=\"size-medium wp-image-1041 alignleft\" src=\"http:\/\/beethoven.org.pl\/impresariat\/wp-content\/uploads\/sites\/6\/2019\/09\/66615752_1240137889501442_3704634087093305344_n-1-300x138.jpg\" alt=\"\" width=\"300\" height=\"138\" srcset=\"https:\/\/beethoven.org.pl\/impresariat\/wp-content\/uploads\/sites\/6\/2019\/09\/66615752_1240137889501442_3704634087093305344_n-1-300x138.jpg 300w, https:\/\/beethoven.org.pl\/impresariat\/wp-content\/uploads\/sites\/6\/2019\/09\/66615752_1240137889501442_3704634087093305344_n-1-768x352.jpg 768w, https:\/\/beethoven.org.pl\/impresariat\/wp-content\/uploads\/sites\/6\/2019\/09\/66615752_1240137889501442_3704634087093305344_n-1.jpg 872w\" sizes=\"auto, (max-width: 300px) 100vw, 300px\" \/>Inauguracja, jak to ju\u017c si\u0119 przyj\u0119\u0142o, odb\u0119dzie si\u0119 w Ostrowskim Centrum Kultury (19.09.2019 o godz. 19:00). Przyje\u017cd\u017ca Orkiestra Filharmonii Pozna\u0144skiej, kt\u00f3r\u0105 poprowadzi maestro \u0141UKASZ BOROWICZ. 200-lecie urodzin \u201eojca opery narodowej\u201d Stanis\u0142awa Moniuszki (1819 \u2013 1872) pragniemy uhonorowa\u0107 wykonaniem Mazura z opery \u201eHalka\u201d. Tak oficjalnie rozpocznie si\u0119 38. Festiwal. I dalej muzyka polska. Us\u0142yszymy Koncert fortepianowy a-moll Ignacego Jana Paderewskiego \u2013 znakomit\u0105 kompozycj\u0119, spe\u0142niaj\u0105c\u0105 wszelkie kryteria wielkiego koncertu romantycznego. Parti\u0119 solow\u0105 wykona licz\u0105cy 27 lat \u0141UKASZ KRUPI\u0143SKI, kt\u00f3ry wygra\u0142 kilka mi\u0119dzynarodowych konkurs\u00f3w, a w ubieg\u0142ym roku wyst\u0105pi\u0142 w nowojorskiej Carnegie Hall podczas gali po\u015bwi\u0119conej Paderewskiemu i odzyskaniu Niepodleg\u0142o\u015bci. Drugim solist\u0105 wieczoru b\u0119dzie INGOLF WUNDER. Jego, w tej chwili ju\u017c \u015bwiatowa kariera, rozpocz\u0119\u0142a si\u0119 na dobre w roku 2010, kiedy to na Konkursie Chopinowskim otrzyma\u0142 II nagrod\u0119 g\u0142\u00f3wn\u0105 oraz nagrody specjalne za najlepsze wykonanie poloneza i koncertu. W Ostrowie zaprezentuje si\u0119 jako chopinista, w Koncercie e-moll op. 11 oraz w utworze, kt\u00f3ry Chopin planowa\u0142 jako I cz\u0119\u015b\u0107 kolejnego koncertu (trzeciego) \u2013 Allegro de Concert A-dur op. 46. Niestety, poprzesta\u0142 tylko na tym fragmencie i to tylko na g\u0142osie fortepianu. Ingolf Wunder, chc\u0105c zagra\u0107 ten utw\u00f3r z orkiestr\u0105, dokona\u0142 odpowiedniego opracowania. Allegro de Concert w tej wersji na Festiwalu us\u0142yszymy po raz pierwszy. <em>(INFORMACJA ORGANIZATORA)<\/em><\/p>\n<h5><strong>19.09.2019 (czwartek) Ostrowskie Centrum Kultury<br \/>\n<\/strong><strong>19:00 Inauguracyjny koncert symfoniczny<\/strong><\/h5>\n<p>ORKIESTRA FILHARMONII POZNA\u0143SKIEJ<br \/>\n\u0141UKASZ KRUPI\u0143SKI \u2013 pianista<br \/>\nINGOLF WUNDER \u2013 pianista (Austria) Laureat II nagrody Konkursu Chopinowskiego w 2010 r.<br \/>\n\u0141UKASZ BOROWICZ \u2013 dyrygent<br \/>\nStanis\u0142aw Moniuszko: <em>Mazur<\/em> z opery \u201eHalka\u201d<br \/>\nIgnacy Jan Paderewski: <em>Koncert fortepianowy a-moll<\/em> op. 17<\/p>\n<p>p r z e r w a<\/p>\n<p>Fryderyk Chopin: <em>Allegro de Concert A-dur<\/em> op. 46 (oprac. na orkiestr\u0119 Ingolf Wunder) oraz <em>Koncert fortepianowy e-moll<\/em> op. 11<\/p>\n<p>Wi\u0119cej informacji na stronie <a href=\"http:\/\/ckis.kalisz.pl\/wydarzenia\/38-miedzynarodowy-festiwal-chopin-w-barwach-jesieni\/?fbclid=IwAR1-xVfAVtv_iDrob2GuHC0yXj-78ixQbWgT8kBtjfWwXFbdL6bcxTGRpuE\">www<\/a><\/p>","protected":false},"excerpt":{"rendered":"<p>38. Mi\u0119dzynarodowy Festiwal \u201eChopin w barwach jesieni\u201d Inauguracja, jak to ju\u017c si\u0119 przyj\u0119\u0142o, odb\u0119dzie si\u0119 w Ostrowskim Centrum Kultury (19.09.2019 o godz. 19:00). Przyje\u017cd\u017ca Orkiestra Filharmonii Pozna\u0144skiej, kt\u00f3r\u0105 poprowadzi maestro \u0141UKASZ BOROWICZ. 200-lecie urodzin \u201eojca opery narodowej\u201d Stanis\u0142awa Moniuszki (1819 \u2013 1872) pragniemy uhonorowa\u0107 wykonaniem Mazura z opery \u201eHalka\u201d. Tak oficjalnie rozpocznie si\u0119 38. Festiwal. [&hellip;]<\/p>\n","protected":false},"author":2,"featured_media":0,"comment_status":"open","ping_status":"open","sticky":false,"template":"","format":"standard","meta":{"footnotes":""},"categories":[1],"tags":[],"class_list":["post-1039","post","type-post","status-publish","format-standard","hentry","category-bez-kategorii"],"_links":{"self":[{"href":"https:\/\/beethoven.org.pl\/impresariat\/wp-json\/wp\/v2\/posts\/1039","targetHints":{"allow":["GET"]}}],"collection":[{"href":"https:\/\/beethoven.org.pl\/impresariat\/wp-json\/wp\/v2\/posts"}],"about":[{"href":"https:\/\/beethoven.org.pl\/impresariat\/wp-json\/wp\/v2\/types\/post"}],"author":[{"embeddable":true,"href":"https:\/\/beethoven.org.pl\/impresariat\/wp-json\/wp\/v2\/users\/2"}],"replies":[{"embeddable":true,"href":"https:\/\/beethoven.org.pl\/impresariat\/wp-json\/wp\/v2\/comments?post=1039"}],"version-history":[{"count":2,"href":"https:\/\/beethoven.org.pl\/impresariat\/wp-json\/wp\/v2\/posts\/1039\/revisions"}],"predecessor-version":[{"id":1043,"href":"https:\/\/beethoven.org.pl\/impresariat\/wp-json\/wp\/v2\/posts\/1039\/revisions\/1043"}],"wp:attachment":[{"href":"https:\/\/beethoven.org.pl\/impresariat\/wp-json\/wp\/v2\/media?parent=1039"}],"wp:term":[{"taxonomy":"category","embeddable":true,"href":"https:\/\/beethoven.org.pl\/impresariat\/wp-json\/wp\/v2\/categories?post=1039"},{"taxonomy":"post_tag","embeddable":true,"href":"https:\/\/beethoven.org.pl\/impresariat\/wp-json\/wp\/v2\/tags?post=1039"}],"curies":[{"name":"wp","href":"https:\/\/api.w.org\/{rel}","templated":true}]}}