{"id":1018,"date":"2019-08-06T12:43:53","date_gmt":"2019-08-06T10:43:53","guid":{"rendered":"http:\/\/beethoven.org.pl\/impresariat\/?p=1018"},"modified":"2019-08-06T12:55:37","modified_gmt":"2019-08-06T10:55:37","slug":"penderecki-premiera-najnowszej-plyty-atom-string-quartet","status":"publish","type":"post","link":"https:\/\/beethoven.org.pl\/impresariat\/2019\/08\/06\/penderecki-premiera-najnowszej-plyty-atom-string-quartet\/","title":{"rendered":"PENDERECKI &#8211; premiera najnowszej p\u0142yty ATOM STRING QUARTET"},"content":{"rendered":"<p><img loading=\"lazy\" decoding=\"async\" class=\"wp-image-1021 alignleft\" src=\"http:\/\/beethoven.org.pl\/impresariat\/wp-content\/uploads\/sites\/6\/2019\/08\/67769845_2351403488284496_370149867936284672_n-300x298.jpg\" alt=\"\" width=\"416\" height=\"413\" srcset=\"https:\/\/beethoven.org.pl\/impresariat\/wp-content\/uploads\/sites\/6\/2019\/08\/67769845_2351403488284496_370149867936284672_n-300x298.jpg 300w, https:\/\/beethoven.org.pl\/impresariat\/wp-content\/uploads\/sites\/6\/2019\/08\/67769845_2351403488284496_370149867936284672_n-150x150.jpg 150w, https:\/\/beethoven.org.pl\/impresariat\/wp-content\/uploads\/sites\/6\/2019\/08\/67769845_2351403488284496_370149867936284672_n-768x764.jpg 768w, https:\/\/beethoven.org.pl\/impresariat\/wp-content\/uploads\/sites\/6\/2019\/08\/67769845_2351403488284496_370149867936284672_n-1024x1018.jpg 1024w, https:\/\/beethoven.org.pl\/impresariat\/wp-content\/uploads\/sites\/6\/2019\/08\/67769845_2351403488284496_370149867936284672_n.jpg 1647w\" sizes=\"auto, (max-width: 416px) 100vw, 416px\" \/><\/p>\n<p style=\"text-align: left\">25 sierpnia uka\u017ce si\u0119 5. p\u0142yta zespo\u0142u Atom String Quartet. Znajd\u0105 si\u0119 na niej kompozycje Krzysztofa Pendereckiego. Wydawc\u0105 albumu jest Filharmonia im. Mieczys\u0142awa Kar\u0142owicza w Szczecinie, za\u015b koncert premierowy odb\u0119dzie si\u0119 w siedzibie Orkiestry Sinfonia Varsovia.<\/p>\n<p>Na p\u0142ycie znalaz\u0142y si\u0119 opracowania <em>Capriccio<\/em> na tub\u0119 solo, <em>Trzech miniatur<\/em> na klarnet i fortepian, <em>Trzech utwor\u00f3w w dawnym stylu<\/em>, <em>Suity<\/em> na wiolonczel\u0119 solo oraz <em>Preludium<\/em> na klarnet solo.<\/p>\n<p>P\u0142yta zosta\u0142a zarejestrowana w Filharmonii im. Mieczys\u0142awa Kar\u0142owicza w Szczecinie. Instytucja ta jest tak\u017ce wydawc\u0105 kr\u0105\u017cka.<\/p>\n<p>Koncert premierowy albumu odb\u0119dzie si\u0119 25 sierpnia o godzinie 16:00 w Pawilonie Koncertowym Orkiestry Sinfonia Varsovia w ramach cyklu \u201cLetnie koncerty na Grochowskiej\u201d.<\/p>\n<p>Wi\u0119cej o <a href=\"https:\/\/www.atomstringquartet.com\/\">Atom String Quartet<\/a><\/p>","protected":false},"excerpt":{"rendered":"<p>25 sierpnia uka\u017ce si\u0119 5. p\u0142yta zespo\u0142u Atom String Quartet. Znajd\u0105 si\u0119 na niej kompozycje Krzysztofa Pendereckiego. Wydawc\u0105 albumu jest Filharmonia im. Mieczys\u0142awa Kar\u0142owicza w Szczecinie, za\u015b koncert premierowy odb\u0119dzie si\u0119 w siedzibie Orkiestry Sinfonia Varsovia. Na p\u0142ycie znalaz\u0142y si\u0119 opracowania Capriccio na tub\u0119 solo, Trzech miniatur na klarnet i fortepian, Trzech utwor\u00f3w w dawnym [&hellip;]<\/p>\n","protected":false},"author":2,"featured_media":0,"comment_status":"open","ping_status":"open","sticky":false,"template":"","format":"standard","meta":{"footnotes":""},"categories":[1],"tags":[],"class_list":["post-1018","post","type-post","status-publish","format-standard","hentry","category-bez-kategorii"],"_links":{"self":[{"href":"https:\/\/beethoven.org.pl\/impresariat\/wp-json\/wp\/v2\/posts\/1018","targetHints":{"allow":["GET"]}}],"collection":[{"href":"https:\/\/beethoven.org.pl\/impresariat\/wp-json\/wp\/v2\/posts"}],"about":[{"href":"https:\/\/beethoven.org.pl\/impresariat\/wp-json\/wp\/v2\/types\/post"}],"author":[{"embeddable":true,"href":"https:\/\/beethoven.org.pl\/impresariat\/wp-json\/wp\/v2\/users\/2"}],"replies":[{"embeddable":true,"href":"https:\/\/beethoven.org.pl\/impresariat\/wp-json\/wp\/v2\/comments?post=1018"}],"version-history":[{"count":2,"href":"https:\/\/beethoven.org.pl\/impresariat\/wp-json\/wp\/v2\/posts\/1018\/revisions"}],"predecessor-version":[{"id":1022,"href":"https:\/\/beethoven.org.pl\/impresariat\/wp-json\/wp\/v2\/posts\/1018\/revisions\/1022"}],"wp:attachment":[{"href":"https:\/\/beethoven.org.pl\/impresariat\/wp-json\/wp\/v2\/media?parent=1018"}],"wp:term":[{"taxonomy":"category","embeddable":true,"href":"https:\/\/beethoven.org.pl\/impresariat\/wp-json\/wp\/v2\/categories?post=1018"},{"taxonomy":"post_tag","embeddable":true,"href":"https:\/\/beethoven.org.pl\/impresariat\/wp-json\/wp\/v2\/tags?post=1018"}],"curies":[{"name":"wp","href":"https:\/\/api.w.org\/{rel}","templated":true}]}}