{"id":1008,"date":"2019-06-17T09:39:17","date_gmt":"2019-06-17T07:39:17","guid":{"rendered":"http:\/\/beethoven.org.pl\/impresariat\/?p=1008"},"modified":"2019-06-18T09:39:27","modified_gmt":"2019-06-18T07:39:27","slug":"koncert-lukasza-krupinskiego-18-i-19-czerwca","status":"publish","type":"post","link":"https:\/\/beethoven.org.pl\/impresariat\/2019\/06\/17\/koncert-lukasza-krupinskiego-18-i-19-czerwca\/","title":{"rendered":"Koncert \u0141ukasza Krupi\u0144skiego: 18 i 19 czerwca"},"content":{"rendered":"<p><img loading=\"lazy\" decoding=\"async\" class=\"size-medium wp-image-634\" src=\"http:\/\/beethoven.org.pl\/impresariat\/wp-content\/uploads\/sites\/6\/2017\/12\/\u0141ukasz-Krupi\u0144ski-photo-Bruno-Fidrych1-300x183.jpg\" alt=\"\" width=\"300\" height=\"183\" srcset=\"https:\/\/beethoven.org.pl\/impresariat\/wp-content\/uploads\/sites\/6\/2017\/12\/\u0141ukasz-Krupi\u0144ski-photo-Bruno-Fidrych1-300x183.jpg 300w, https:\/\/beethoven.org.pl\/impresariat\/wp-content\/uploads\/sites\/6\/2017\/12\/\u0141ukasz-Krupi\u0144ski-photo-Bruno-Fidrych1-768x469.jpg 768w, https:\/\/beethoven.org.pl\/impresariat\/wp-content\/uploads\/sites\/6\/2017\/12\/\u0141ukasz-Krupi\u0144ski-photo-Bruno-Fidrych1-1024x625.jpg 1024w, https:\/\/beethoven.org.pl\/impresariat\/wp-content\/uploads\/sites\/6\/2017\/12\/\u0141ukasz-Krupi\u0144ski-photo-Bruno-Fidrych1-200x121.jpg 200w\" sizes=\"auto, (max-width: 300px) 100vw, 300px\" \/><\/p>\n<p>Artysta wyst\u0105pi w najbli\u017cszy wtorek, 18 czerwca w Cagodan Hall w Londynie. W programie kompozycje Chopina, Ravela, Bozzana, Piern\u00e9a. Z kolei 19 czerwca pianista zagra w Rossini-Saal w Bad Kissingen.<\/p>\n<p>Wi\u0119cej informacji o wyst\u0119pie w <a href=\"https:\/\/www.rcm.ac.uk\/events\/details\/?id=1682571&amp;fbclid=IwAR0GMiTGVzZ0yxlY-nj1q1UED4_-cGZvzbj3KzoCHXEMbbn7kpyPmXOEves\">Cadogan Hall<\/a><\/p>\n<p>Wi\u0119cej informacji o wyst\u0119pie w <a href=\"https:\/\/www.kissingersommer.de\/en\/programm\/concert-calendar\/index.html?fbclid=IwAR0jLG7nTKkj5431q5Bd8ZhWBwlI9OBcD8mxWeAXDX_gdrwjTSqQ_MtyHdA#!45DR18\/Tr9fekJvxiuPT4oqog97c4tHpop2Q7d\/lj+HR4dTf1tXG6NvdzuPN4I\/azZ3G5Jfe0+XP4MLj1Z3E5dbRxujcm8TX1NPP2sngkN\/W0sbultbV49StxuyNo6PfzJOWuqWmkqidoYPz5Q==\">Rossini-Saal w Bad Kissingen<\/a><\/p>","protected":false},"excerpt":{"rendered":"<p>Artysta wyst\u0105pi w najbli\u017cszy wtorek, 18 czerwca w Cagodan Hall w Londynie. W programie kompozycje Chopina, Ravela, Bozzana, Piern\u00e9a. Z kolei 19 czerwca pianista zagra w Rossini-Saal w Bad Kissingen. Wi\u0119cej informacji o wyst\u0119pie w Cadogan Hall Wi\u0119cej informacji o wyst\u0119pie w Rossini-Saal w Bad Kissingen<\/p>\n","protected":false},"author":2,"featured_media":0,"comment_status":"open","ping_status":"open","sticky":false,"template":"","format":"standard","meta":{"footnotes":""},"categories":[1],"tags":[],"class_list":["post-1008","post","type-post","status-publish","format-standard","hentry","category-bez-kategorii"],"_links":{"self":[{"href":"https:\/\/beethoven.org.pl\/impresariat\/wp-json\/wp\/v2\/posts\/1008","targetHints":{"allow":["GET"]}}],"collection":[{"href":"https:\/\/beethoven.org.pl\/impresariat\/wp-json\/wp\/v2\/posts"}],"about":[{"href":"https:\/\/beethoven.org.pl\/impresariat\/wp-json\/wp\/v2\/types\/post"}],"author":[{"embeddable":true,"href":"https:\/\/beethoven.org.pl\/impresariat\/wp-json\/wp\/v2\/users\/2"}],"replies":[{"embeddable":true,"href":"https:\/\/beethoven.org.pl\/impresariat\/wp-json\/wp\/v2\/comments?post=1008"}],"version-history":[{"count":1,"href":"https:\/\/beethoven.org.pl\/impresariat\/wp-json\/wp\/v2\/posts\/1008\/revisions"}],"predecessor-version":[{"id":1012,"href":"https:\/\/beethoven.org.pl\/impresariat\/wp-json\/wp\/v2\/posts\/1008\/revisions\/1012"}],"wp:attachment":[{"href":"https:\/\/beethoven.org.pl\/impresariat\/wp-json\/wp\/v2\/media?parent=1008"}],"wp:term":[{"taxonomy":"category","embeddable":true,"href":"https:\/\/beethoven.org.pl\/impresariat\/wp-json\/wp\/v2\/categories?post=1008"},{"taxonomy":"post_tag","embeddable":true,"href":"https:\/\/beethoven.org.pl\/impresariat\/wp-json\/wp\/v2\/tags?post=1008"}],"curies":[{"name":"wp","href":"https:\/\/api.w.org\/{rel}","templated":true}]}}