{"id":957,"date":"2019-05-14T11:27:58","date_gmt":"2019-05-14T09:27:58","guid":{"rendered":"http:\/\/beethoven.org.pl\/impresariat\/?p=957"},"modified":"2019-05-23T09:59:56","modified_gmt":"2019-05-23T07:59:56","slug":"nehring-zdunik-zagraja-w-kasnej-dolnej","status":"publish","type":"post","link":"https:\/\/beethoven.org.pl\/impresariat\/en\/2019\/05\/14\/nehring-zdunik-zagraja-w-kasnej-dolnej\/","title":{"rendered":"(Polski) Nehring &amp; Zdunik zagraj\u0105 w K\u0105\u015bnej Dolnej"},"content":{"rendered":"<p><img loading=\"lazy\" decoding=\"async\" class=\"size-medium wp-image-958 alignleft\" src=\"http:\/\/beethoven.org.pl\/impresariat\/wp-content\/uploads\/sites\/6\/2019\/05\/2.-SZYMON_NEHRING_2019_142-300x200.png\" alt=\"\" width=\"300\" height=\"200\" srcset=\"https:\/\/beethoven.org.pl\/impresariat\/wp-content\/uploads\/sites\/6\/2019\/05\/2.-SZYMON_NEHRING_2019_142-300x200.png 300w, https:\/\/beethoven.org.pl\/impresariat\/wp-content\/uploads\/sites\/6\/2019\/05\/2.-SZYMON_NEHRING_2019_142-768x512.png 768w, https:\/\/beethoven.org.pl\/impresariat\/wp-content\/uploads\/sites\/6\/2019\/05\/2.-SZYMON_NEHRING_2019_142-1024x683.png 1024w\" sizes=\"auto, (max-width: 300px) 100vw, 300px\" \/>Szymon Nehring oraz wiolonczelista Marcin Zdunik wyst\u0105pi\u0105 w 18 maja (niedziela) w K\u0105\u015bnej Dolnej. Koncert odb\u0119dzie si\u0119 w ramach cyklu &#8220;Tydzie\u0144 Talent\u00f3w&#8221;, kt\u00f3ry odbywa si\u0119 w tamtejszym Centrum Paderewskiego. Wiecz\u00f3r rozpocznie prezentacja szczeg\u00f3lnie wyr\u00f3\u017cniaj\u0105cych si\u0119 uczestnik\u00f3w Warsztat\u00f3w z Mistrzami. Z kolei s\u0142owo o muzycy wyg\u0142osi Jan Popis. Zapraszamy!<\/p>\n<div><\/div>\n<div><\/div>\n<div><\/div>\n<div class=\"place\">niedziela, 18 maja, godz. 18, K\u0105\u015bna Dolna, Centrum Paderewskiego (K\u0105\u015bna Dolna 17, 33-190 Ci\u0119\u017ckowice)<\/div>\n<p>Szymon Nehring \u2013 fortepian<br \/>\nMarcin Zdunik \u2013 wiolonczela<\/p>\n<p>PROGRAM<br \/>\nFryderyk Chopin: <em>Polonez C-dur<\/em> op. 3<br \/>\nFryderyk Chopin:\u00a0 <em>Sonata g-moll<\/em> op. 65<br \/>\nIgor Strawi\u0144ski: <em>Suita w\u0142oska<\/em><br \/>\nMaurice Ravel: <em>Sonata G-dur na skrzypce i fortepian<\/em> w transkrypcji na wiolonczel\u0119 i fortepian<\/p>\n<p>Strona <a href=\"https:\/\/centrumpaderewskiego.pl\/wydarzenie_szczegoly.html?wid=16&amp;m=5&amp;y=2019&amp;idg=1\">Organizatora<\/a><\/p>\n","protected":false},"excerpt":{"rendered":"<p>Szymon Nehring oraz wiolonczelista Marcin Zdunik wyst\u0105pi\u0105 w 18 maja (niedziela) w K\u0105\u015bnej Dolnej. Koncert odb\u0119dzie si\u0119 w ramach cyklu &#8220;Tydzie\u0144 Talent\u00f3w&#8221;, kt\u00f3ry odbywa si\u0119 w tamtejszym Centrum Paderewskiego. Wiecz\u00f3r rozpocznie prezentacja szczeg\u00f3lnie wyr\u00f3\u017cniaj\u0105cych si\u0119 uczestnik\u00f3w Warsztat\u00f3w z Mistrzami. Z kolei s\u0142owo o muzycy wyg\u0142osi Jan Popis. Zapraszamy! niedziela, 18 maja, godz. 18, K\u0105\u015bna Dolna, [&hellip;]<\/p>\n","protected":false},"author":2,"featured_media":0,"comment_status":"open","ping_status":"open","sticky":false,"template":"","format":"standard","meta":{"footnotes":""},"categories":[1],"tags":[],"class_list":["post-957","post","type-post","status-publish","format-standard","hentry","category-bez-kategorii"],"_links":{"self":[{"href":"https:\/\/beethoven.org.pl\/impresariat\/en\/wp-json\/wp\/v2\/posts\/957","targetHints":{"allow":["GET"]}}],"collection":[{"href":"https:\/\/beethoven.org.pl\/impresariat\/en\/wp-json\/wp\/v2\/posts"}],"about":[{"href":"https:\/\/beethoven.org.pl\/impresariat\/en\/wp-json\/wp\/v2\/types\/post"}],"author":[{"embeddable":true,"href":"https:\/\/beethoven.org.pl\/impresariat\/en\/wp-json\/wp\/v2\/users\/2"}],"replies":[{"embeddable":true,"href":"https:\/\/beethoven.org.pl\/impresariat\/en\/wp-json\/wp\/v2\/comments?post=957"}],"version-history":[{"count":3,"href":"https:\/\/beethoven.org.pl\/impresariat\/en\/wp-json\/wp\/v2\/posts\/957\/revisions"}],"predecessor-version":[{"id":963,"href":"https:\/\/beethoven.org.pl\/impresariat\/en\/wp-json\/wp\/v2\/posts\/957\/revisions\/963"}],"wp:attachment":[{"href":"https:\/\/beethoven.org.pl\/impresariat\/en\/wp-json\/wp\/v2\/media?parent=957"}],"wp:term":[{"taxonomy":"category","embeddable":true,"href":"https:\/\/beethoven.org.pl\/impresariat\/en\/wp-json\/wp\/v2\/categories?post=957"},{"taxonomy":"post_tag","embeddable":true,"href":"https:\/\/beethoven.org.pl\/impresariat\/en\/wp-json\/wp\/v2\/tags?post=957"}],"curies":[{"name":"wp","href":"https:\/\/api.w.org\/{rel}","templated":true}]}}