{"id":746,"date":"2018-09-08T15:49:05","date_gmt":"2018-09-08T13:49:05","guid":{"rendered":"http:\/\/beethoven.org.pl\/impresariat\/?p=746"},"modified":"2018-09-08T15:57:14","modified_gmt":"2018-09-08T13:57:14","slug":"lukasz-krupinski-na-inauguracji-52-festiwalu-pianistyki-polskiej-w-slupsku","status":"publish","type":"post","link":"https:\/\/beethoven.org.pl\/impresariat\/en\/2018\/09\/08\/lukasz-krupinski-na-inauguracji-52-festiwalu-pianistyki-polskiej-w-slupsku\/","title":{"rendered":"(Polski) \u0141ukasz Krupi\u0144ski na inauguracji 52. Festiwalu Pianistyki Polskiej w S\u0142upsku"},"content":{"rendered":"<p class=\"qtranxs-available-languages-message qtranxs-available-languages-message-en\">Sorry, this entry is only available in <a href=\"https:\/\/beethoven.org.pl\/impresariat\/pl\/wp-json\/wp\/v2\/posts\/746\" class=\"qtranxs-available-language-link qtranxs-available-language-link-pl\" title=\"Polski\">Polski<\/a>.<\/p>","protected":false},"excerpt":{"rendered":"<p>Sorry, this entry is only available in Polski.<\/p>\n","protected":false},"author":2,"featured_media":0,"comment_status":"open","ping_status":"open","sticky":false,"template":"","format":"standard","meta":{"footnotes":""},"categories":[1],"tags":[],"class_list":["post-746","post","type-post","status-publish","format-standard","hentry","category-bez-kategorii"],"_links":{"self":[{"href":"https:\/\/beethoven.org.pl\/impresariat\/en\/wp-json\/wp\/v2\/posts\/746","targetHints":{"allow":["GET"]}}],"collection":[{"href":"https:\/\/beethoven.org.pl\/impresariat\/en\/wp-json\/wp\/v2\/posts"}],"about":[{"href":"https:\/\/beethoven.org.pl\/impresariat\/en\/wp-json\/wp\/v2\/types\/post"}],"author":[{"embeddable":true,"href":"https:\/\/beethoven.org.pl\/impresariat\/en\/wp-json\/wp\/v2\/users\/2"}],"replies":[{"embeddable":true,"href":"https:\/\/beethoven.org.pl\/impresariat\/en\/wp-json\/wp\/v2\/comments?post=746"}],"version-history":[{"count":3,"href":"https:\/\/beethoven.org.pl\/impresariat\/en\/wp-json\/wp\/v2\/posts\/746\/revisions"}],"predecessor-version":[{"id":750,"href":"https:\/\/beethoven.org.pl\/impresariat\/en\/wp-json\/wp\/v2\/posts\/746\/revisions\/750"}],"wp:attachment":[{"href":"https:\/\/beethoven.org.pl\/impresariat\/en\/wp-json\/wp\/v2\/media?parent=746"}],"wp:term":[{"taxonomy":"category","embeddable":true,"href":"https:\/\/beethoven.org.pl\/impresariat\/en\/wp-json\/wp\/v2\/categories?post=746"},{"taxonomy":"post_tag","embeddable":true,"href":"https:\/\/beethoven.org.pl\/impresariat\/en\/wp-json\/wp\/v2\/tags?post=746"}],"curies":[{"name":"wp","href":"https:\/\/api.w.org\/{rel}","templated":true}]}}