{"id":695,"date":"2018-05-25T12:02:10","date_gmt":"2018-05-25T10:02:10","guid":{"rendered":"http:\/\/beethoven.org.pl\/impresariat\/?p=695"},"modified":"2018-05-25T12:03:22","modified_gmt":"2018-05-25T10:03:22","slug":"muzyczne-swieto-kwitnacych-azalii-z-szymonem-nehringiem","status":"publish","type":"post","link":"https:\/\/beethoven.org.pl\/impresariat\/en\/2018\/05\/25\/muzyczne-swieto-kwitnacych-azalii-z-szymonem-nehringiem\/","title":{"rendered":"(Polski) Muzyczne \u015awi\u0119to Kwitn\u0105cych Azalii z Szymonem Nehringiem"},"content":{"rendered":"<p class=\"qtranxs-available-languages-message qtranxs-available-languages-message-en\">Sorry, this entry is only available in <a href=\"https:\/\/beethoven.org.pl\/impresariat\/pl\/wp-json\/wp\/v2\/posts\/695\" class=\"qtranxs-available-language-link qtranxs-available-language-link-pl\" title=\"Polski\">Polski<\/a>.<\/p>","protected":false},"excerpt":{"rendered":"<p>Sorry, this entry is only available in Polski.<\/p>\n","protected":false},"author":2,"featured_media":0,"comment_status":"open","ping_status":"open","sticky":false,"template":"","format":"standard","meta":{"footnotes":""},"categories":[1],"tags":[],"class_list":["post-695","post","type-post","status-publish","format-standard","hentry","category-bez-kategorii"],"_links":{"self":[{"href":"https:\/\/beethoven.org.pl\/impresariat\/en\/wp-json\/wp\/v2\/posts\/695","targetHints":{"allow":["GET"]}}],"collection":[{"href":"https:\/\/beethoven.org.pl\/impresariat\/en\/wp-json\/wp\/v2\/posts"}],"about":[{"href":"https:\/\/beethoven.org.pl\/impresariat\/en\/wp-json\/wp\/v2\/types\/post"}],"author":[{"embeddable":true,"href":"https:\/\/beethoven.org.pl\/impresariat\/en\/wp-json\/wp\/v2\/users\/2"}],"replies":[{"embeddable":true,"href":"https:\/\/beethoven.org.pl\/impresariat\/en\/wp-json\/wp\/v2\/comments?post=695"}],"version-history":[{"count":1,"href":"https:\/\/beethoven.org.pl\/impresariat\/en\/wp-json\/wp\/v2\/posts\/695\/revisions"}],"predecessor-version":[{"id":697,"href":"https:\/\/beethoven.org.pl\/impresariat\/en\/wp-json\/wp\/v2\/posts\/695\/revisions\/697"}],"wp:attachment":[{"href":"https:\/\/beethoven.org.pl\/impresariat\/en\/wp-json\/wp\/v2\/media?parent=695"}],"wp:term":[{"taxonomy":"category","embeddable":true,"href":"https:\/\/beethoven.org.pl\/impresariat\/en\/wp-json\/wp\/v2\/categories?post=695"},{"taxonomy":"post_tag","embeddable":true,"href":"https:\/\/beethoven.org.pl\/impresariat\/en\/wp-json\/wp\/v2\/tags?post=695"}],"curies":[{"name":"wp","href":"https:\/\/api.w.org\/{rel}","templated":true}]}}