{"id":528,"date":"2017-09-07T11:07:36","date_gmt":"2017-09-07T09:07:36","guid":{"rendered":"http:\/\/beethoven.org.pl\/impresariat\/?p=528"},"modified":"2017-10-02T11:08:26","modified_gmt":"2017-10-02T09:08:26","slug":"massimiliano-caldi-wystapi-na-scenie-filharmonii-baltyckiej-im-f-chopina-w-gdansku-na-olowiance-w-wieczorze-poswieconym-muzyce-filmowej-italii","status":"publish","type":"post","link":"https:\/\/beethoven.org.pl\/impresariat\/en\/2017\/09\/07\/massimiliano-caldi-wystapi-na-scenie-filharmonii-baltyckiej-im-f-chopina-w-gdansku-na-olowiance-w-wieczorze-poswieconym-muzyce-filmowej-italii\/","title":{"rendered":"(Polski) Massimiliano Caldi wyst\u0105pi na scenie Filharmonii Ba\u0142tyckiej im. F. Chopina w Gda\u0144sku na O\u0142owiance w wieczorze po\u015bwi\u0119conym muzyce filmowej Italii"},"content":{"rendered":"<p class=\"qtranxs-available-languages-message qtranxs-available-languages-message-en\">Sorry, this entry is only available in <a href=\"https:\/\/beethoven.org.pl\/impresariat\/pl\/wp-json\/wp\/v2\/posts\/528\" class=\"qtranxs-available-language-link qtranxs-available-language-link-pl\" title=\"Polski\">Polski<\/a>.<\/p>","protected":false},"excerpt":{"rendered":"<p>Sorry, this entry is only available in Polski.<\/p>\n","protected":false},"author":2,"featured_media":0,"comment_status":"open","ping_status":"open","sticky":false,"template":"","format":"standard","meta":{"footnotes":""},"categories":[1],"tags":[],"class_list":["post-528","post","type-post","status-publish","format-standard","hentry","category-bez-kategorii"],"_links":{"self":[{"href":"https:\/\/beethoven.org.pl\/impresariat\/en\/wp-json\/wp\/v2\/posts\/528","targetHints":{"allow":["GET"]}}],"collection":[{"href":"https:\/\/beethoven.org.pl\/impresariat\/en\/wp-json\/wp\/v2\/posts"}],"about":[{"href":"https:\/\/beethoven.org.pl\/impresariat\/en\/wp-json\/wp\/v2\/types\/post"}],"author":[{"embeddable":true,"href":"https:\/\/beethoven.org.pl\/impresariat\/en\/wp-json\/wp\/v2\/users\/2"}],"replies":[{"embeddable":true,"href":"https:\/\/beethoven.org.pl\/impresariat\/en\/wp-json\/wp\/v2\/comments?post=528"}],"version-history":[{"count":1,"href":"https:\/\/beethoven.org.pl\/impresariat\/en\/wp-json\/wp\/v2\/posts\/528\/revisions"}],"predecessor-version":[{"id":529,"href":"https:\/\/beethoven.org.pl\/impresariat\/en\/wp-json\/wp\/v2\/posts\/528\/revisions\/529"}],"wp:attachment":[{"href":"https:\/\/beethoven.org.pl\/impresariat\/en\/wp-json\/wp\/v2\/media?parent=528"}],"wp:term":[{"taxonomy":"category","embeddable":true,"href":"https:\/\/beethoven.org.pl\/impresariat\/en\/wp-json\/wp\/v2\/categories?post=528"},{"taxonomy":"post_tag","embeddable":true,"href":"https:\/\/beethoven.org.pl\/impresariat\/en\/wp-json\/wp\/v2\/tags?post=528"}],"curies":[{"name":"wp","href":"https:\/\/api.w.org\/{rel}","templated":true}]}}